{"id":81056,"date":"2026-01-15T21:34:38","date_gmt":"2026-01-15T18:34:38","guid":{"rendered":"https:\/\/www.egemtv.com\/?p=81056"},"modified":"2026-01-15T21:34:39","modified_gmt":"2026-01-15T18:34:39","slug":"koycegizde-kadinlara-ve-ogrencilere-yonelik-mirac-kandili-programi-duzenlendi","status":"publish","type":"post","link":"https:\/\/www.egemtv.com\/?p=81056","title":{"rendered":"K\u00f6yce\u011fiz\u2019de kad\u0131nlara ve \u00f6\u011frencilere y\u00f6nelik Mira\u00e7 Kandili program\u0131 d\u00fczenlendi"},"content":{"rendered":"<p>Mu\u011fla\u2019n\u0131n K\u00f6yce\u011fiz \u0130l\u00e7e M\u00fcft\u00fcl\u00fc\u011f\u00fc Aile ve Dini Rehberlik B\u00fcrosu ile K\u00f6yce\u011fiz M\u00fcft\u00fcl\u00fc\u011f\u00fc Gen\u00e7lik Koordinat\u00f6rl\u00fc\u011f\u00fc i\u015f birli\u011finde Toparlar Merkez Camii ile Yang\u0131 Mahallesi Camiinde sabah bayanlara y\u00f6nelik, \u00f6\u011fleden sonra da \u0130mam-Hatip Lisesi ile \u0130mam-Hatip Ortaokulu \u00f6\u011frencilerine y\u00f6nelik Mira\u00e7 Kandili dolay\u0131s\u0131yla \u00f6zel programlar d\u00fczenlendi.<\/p>\n<p>Mira\u00e7 Kandili m\u00fcnasebetiyle ger\u00e7ekle\u015ftirilen programa kad\u0131n cemaat yo\u011fun ilgi g\u00f6sterdi. Programlarda \u0130l\u00e7e Vaizleri Rauf Evleksiz, Emine Okulu ve Belk\u0131s Ulusan Mira\u00e7 Kandili\u2019nin anlam ve \u00f6nemine dair bir sohbet ger\u00e7ekle\u015ftirdiler. Vaizler programlarda \u00fc\u00e7 aylar\u0131n manevi iklimine dikkat \u00e7ekerek bu m\u00fcbarek gecelerin ibadet, dua ve nefis muhasebesi a\u00e7\u0131s\u0131ndan ta\u015f\u0131d\u0131\u011f\u0131 de\u011feri vurgulad\u0131lar. Kad\u0131nlara y\u00f6nelik programlarda K\u00f6yce\u011fiz M\u00fcft\u00fcl\u00fc\u011f\u00fc b\u00fcnyesinde g\u00f6rev yapan kad\u0131n din g\u00f6revlileri, \u00f6\u011frencilere y\u00f6nelik programlarda ise okul \u00f6\u011frencileri taraf\u0131ndan Kur\u2019an-\u0131 Kerim tilaveti ve ilahiler icra edildi. Manevi atmosferin hakim oldu\u011fu programlar, yap\u0131lan dualarla sona erdi.<br \/><\/p>\n","protected":false},"excerpt":{"rendered":"<p>Mu\u011fla\u2019n\u0131n K\u00f6yce\u011fiz \u0130l\u00e7e M\u00fcft\u00fcl\u00fc\u011f\u00fc Aile ve Dini Rehberlik B\u00fcrosu ile K\u00f6yce\u011fiz M\u00fcft\u00fcl\u00fc\u011f\u00fc Gen\u00e7lik Koordinat\u00f6rl\u00fc\u011f\u00fc i\u015f birli\u011finde Toparlar Merkez Camii ile Yang\u0131 Mahallesi Camiinde sabah bayanlara y\u00f6nelik, \u00f6\u011fleden sonra da \u0130mam-Hatip Lisesi ile \u0130mam-Hatip Ortaokulu \u00f6\u011frencilerine y\u00f6nelik Mira\u00e7 Kandili dolay\u0131s\u0131yla \u00f6zel programlar d\u00fczenlendi. Mira\u00e7 Kandili m\u00fcnasebetiyle ger\u00e7ekle\u015ftirilen programa kad\u0131n cemaat yo\u011fun ilgi g\u00f6sterdi. Programlarda \u0130l\u00e7e Vaizleri&#8230;<\/p>\n","protected":false},"author":1,"featured_media":81057,"comment_status":"open","ping_status":"open","sticky":false,"template":"","format":"standard","meta":{"_crdt_document":"","footnotes":""},"categories":[1],"tags":[],"class_list":["post-81056","post","type-post","status-publish","format-standard","has-post-thumbnail","hentry","category-guncel"],"_links":{"self":[{"href":"https:\/\/www.egemtv.com\/index.php?rest_route=\/wp\/v2\/posts\/81056","targetHints":{"allow":["GET"]}}],"collection":[{"href":"https:\/\/www.egemtv.com\/index.php?rest_route=\/wp\/v2\/posts"}],"about":[{"href":"https:\/\/www.egemtv.com\/index.php?rest_route=\/wp\/v2\/types\/post"}],"author":[{"embeddable":true,"href":"https:\/\/www.egemtv.com\/index.php?rest_route=\/wp\/v2\/users\/1"}],"replies":[{"embeddable":true,"href":"https:\/\/www.egemtv.com\/index.php?rest_route=%2Fwp%2Fv2%2Fcomments&post=81056"}],"version-history":[{"count":1,"href":"https:\/\/www.egemtv.com\/index.php?rest_route=\/wp\/v2\/posts\/81056\/revisions"}],"predecessor-version":[{"id":81058,"href":"https:\/\/www.egemtv.com\/index.php?rest_route=\/wp\/v2\/posts\/81056\/revisions\/81058"}],"wp:featuredmedia":[{"embeddable":true,"href":"https:\/\/www.egemtv.com\/index.php?rest_route=\/wp\/v2\/media\/81057"}],"wp:attachment":[{"href":"https:\/\/www.egemtv.com\/index.php?rest_route=%2Fwp%2Fv2%2Fmedia&parent=81056"}],"wp:term":[{"taxonomy":"category","embeddable":true,"href":"https:\/\/www.egemtv.com\/index.php?rest_route=%2Fwp%2Fv2%2Fcategories&post=81056"},{"taxonomy":"post_tag","embeddable":true,"href":"https:\/\/www.egemtv.com\/index.php?rest_route=%2Fwp%2Fv2%2Ftags&post=81056"}],"curies":[{"name":"wp","href":"https:\/\/api.w.org\/{rel}","templated":true}]}}