{"id":81053,"date":"2026-01-15T21:17:50","date_gmt":"2026-01-15T18:17:50","guid":{"rendered":"https:\/\/www.egemtv.com\/?p=81053"},"modified":"2026-01-15T21:17:51","modified_gmt":"2026-01-15T18:17:51","slug":"burdurda-supheli-canta-funye-ile-patlatildi","status":"publish","type":"post","link":"https:\/\/www.egemtv.com\/?p=81053","title":{"rendered":"Burdur\u2019da \u015f\u00fcpheli \u00e7anta f\u00fcnye ile patlat\u0131ld\u0131"},"content":{"rendered":"<p>Burdur\u2019da cadde \u00fczerinde b\u0131rak\u0131lan \u015f\u00fcpheli \u00e7anta, polis ekiplerince f\u00fcnyeyle patlat\u0131ld\u0131. \u00c7antan\u0131n i\u00e7erisinden motosiklet ekipmanlar\u0131 \u00e7\u0131kt\u0131.<br \/>\n<br \/>Olay, saat 19.00 s\u0131ralar\u0131nda K\u0131\u015fla Caddesi \u00fczerinde meydana geldi. Edinilen bilgiye g\u00f6re, kald\u0131r\u0131m \u00fczerinde unutulan \u015f\u00fcpheli \u00e7anta, k\u0131sa s\u00fcreli pani\u011fe neden oldu. \u0130hbar \u00fczerine b\u00f6lgeye polis ekibi sevk edilirken, \u00e7evrede geni\u015f g\u00fcvenlik \u00f6nlemleri al\u0131nd\u0131. Polis ekipleri, taraf\u0131ndan cadde trafi\u011fe kapat\u0131l\u0131rken yayalar g\u00fcvenli alanlara y\u00f6nlendirdi. Olay yerine sevk edilen bomba imha uzmanlar\u0131 taraf\u0131ndan \u015f\u00fcpheli \u00e7anta f\u00fcnye ile patlat\u0131ld\u0131. Yap\u0131lan incelemede \u00e7antan\u0131n i\u00e7erisinde motosiklet ekipmanlar\u0131n\u0131n oldu\u011fu tespit edildi.<br \/><\/p>\n","protected":false},"excerpt":{"rendered":"<p>Burdur\u2019da cadde \u00fczerinde b\u0131rak\u0131lan \u015f\u00fcpheli \u00e7anta, polis ekiplerince f\u00fcnyeyle patlat\u0131ld\u0131. \u00c7antan\u0131n i\u00e7erisinden motosiklet ekipmanlar\u0131 \u00e7\u0131kt\u0131. Olay, saat 19.00 s\u0131ralar\u0131nda K\u0131\u015fla Caddesi \u00fczerinde meydana geldi. Edinilen bilgiye g\u00f6re, kald\u0131r\u0131m \u00fczerinde unutulan \u015f\u00fcpheli \u00e7anta, k\u0131sa s\u00fcreli pani\u011fe neden oldu. \u0130hbar \u00fczerine b\u00f6lgeye polis ekibi sevk edilirken, \u00e7evrede geni\u015f g\u00fcvenlik \u00f6nlemleri al\u0131nd\u0131. Polis ekipleri, taraf\u0131ndan cadde trafi\u011fe kapat\u0131l\u0131rken&#8230;<\/p>\n","protected":false},"author":1,"featured_media":81054,"comment_status":"open","ping_status":"open","sticky":false,"template":"","format":"standard","meta":{"_crdt_document":"","footnotes":""},"categories":[5],"tags":[],"class_list":["post-81053","post","type-post","status-publish","format-standard","has-post-thumbnail","hentry","category-asayis"],"_links":{"self":[{"href":"https:\/\/www.egemtv.com\/index.php?rest_route=\/wp\/v2\/posts\/81053","targetHints":{"allow":["GET"]}}],"collection":[{"href":"https:\/\/www.egemtv.com\/index.php?rest_route=\/wp\/v2\/posts"}],"about":[{"href":"https:\/\/www.egemtv.com\/index.php?rest_route=\/wp\/v2\/types\/post"}],"author":[{"embeddable":true,"href":"https:\/\/www.egemtv.com\/index.php?rest_route=\/wp\/v2\/users\/1"}],"replies":[{"embeddable":true,"href":"https:\/\/www.egemtv.com\/index.php?rest_route=%2Fwp%2Fv2%2Fcomments&post=81053"}],"version-history":[{"count":1,"href":"https:\/\/www.egemtv.com\/index.php?rest_route=\/wp\/v2\/posts\/81053\/revisions"}],"predecessor-version":[{"id":81055,"href":"https:\/\/www.egemtv.com\/index.php?rest_route=\/wp\/v2\/posts\/81053\/revisions\/81055"}],"wp:featuredmedia":[{"embeddable":true,"href":"https:\/\/www.egemtv.com\/index.php?rest_route=\/wp\/v2\/media\/81054"}],"wp:attachment":[{"href":"https:\/\/www.egemtv.com\/index.php?rest_route=%2Fwp%2Fv2%2Fmedia&parent=81053"}],"wp:term":[{"taxonomy":"category","embeddable":true,"href":"https:\/\/www.egemtv.com\/index.php?rest_route=%2Fwp%2Fv2%2Fcategories&post=81053"},{"taxonomy":"post_tag","embeddable":true,"href":"https:\/\/www.egemtv.com\/index.php?rest_route=%2Fwp%2Fv2%2Ftags&post=81053"}],"curies":[{"name":"wp","href":"https:\/\/api.w.org\/{rel}","templated":true}]}}