{"id":81050,"date":"2026-01-15T21:17:49","date_gmt":"2026-01-15T18:17:49","guid":{"rendered":"https:\/\/www.egemtv.com\/?p=81050"},"modified":"2026-01-15T21:17:50","modified_gmt":"2026-01-15T18:17:50","slug":"vali-musa-isindan-kutahyaspora-destek-cagrisi","status":"publish","type":"post","link":"https:\/\/www.egemtv.com\/?p=81050","title":{"rendered":"Vali Musa I\u015f\u0131n\u2019dan K\u00fctahyaspor\u2019a destek \u00e7a\u011fr\u0131s\u0131"},"content":{"rendered":"<p>K\u00fctahya Valisi Musa I\u015f\u0131n, K\u00fctahyaspor\u2019un 60. kurulu\u015f y\u0131l\u0131 dolay\u0131s\u0131yla yapt\u0131\u011f\u0131 a\u00e7\u0131klamada, \u015fehrin tak\u0131m\u0131na destek \u00e7a\u011fr\u0131s\u0131nda bulundu. K\u00fctahyaspor\u2019un bu sezon uzun y\u0131llard\u0131r \u00f6zlemi duyulan 2. Lig\u2019e y\u00fckselme f\u0131rsat\u0131n\u0131 yakalad\u0131\u011f\u0131n\u0131 belirten I\u015f\u0131n, tak\u0131m\u0131n ligde lider konumda yer ald\u0131\u011f\u0131n\u0131 ifade etti.<br \/>\n<br \/>Vali I\u015f\u0131n, K\u00fctahyaspor y\u00f6netimi ve sporcular\u0131n\u0131n sezon boyunca b\u00fcy\u00fck bir gayret ve \u00f6zveriyle m\u00fccadele etti\u011fini vurgulayarak, yakalanan bu \u00f6nemli ivmenin mutlaka de\u011ferlendirilmesi gerekti\u011fini dile getirdi. I\u015f\u0131n, bu s\u00fcre\u00e7te K\u00fctahyal\u0131lar\u0131n maddi ve manevi deste\u011finin b\u00fcy\u00fck \u00f6nem ta\u015f\u0131d\u0131\u011f\u0131na dikkat \u00e7ekti.<br \/>\n<br \/>A\u00e7\u0131klamas\u0131nda, K\u00fctahyaspor y\u00f6netimi taraf\u0131ndan ba\u015flat\u0131lan 60 bin \u00f6\u011frenci ve \u00e7ocu\u011fa forma da\u011f\u0131t\u0131m kampanyas\u0131na da de\u011finen Vali I\u015f\u0131n, t\u00fcm vatanda\u015flar\u0131 kampanyaya destek vermeye davet etti. Yap\u0131lacak her katk\u0131n\u0131n kul\u00fcbe hem maddi hem de manevi g\u00fc\u00e7 sa\u011flayaca\u011f\u0131n\u0131 belirtti.<br \/>\n<br \/>Birlik ve beraberlik i\u00e7erisinde hareket edilmesi halinde 2. Lig hedefinin bu sezon ger\u00e7ekle\u015ftirilece\u011fine inand\u0131\u011f\u0131n\u0131 ifade eden Vali Musa I\u015f\u0131n, t\u00fcm K\u00fctahyal\u0131lar\u0131 K\u00fctahyaspor\u2019a sahip \u00e7\u0131kmaya \u00e7a\u011f\u0131rd\u0131.<br \/><\/p>\n","protected":false},"excerpt":{"rendered":"<p>K\u00fctahya Valisi Musa I\u015f\u0131n, K\u00fctahyaspor\u2019un 60. kurulu\u015f y\u0131l\u0131 dolay\u0131s\u0131yla yapt\u0131\u011f\u0131 a\u00e7\u0131klamada, \u015fehrin tak\u0131m\u0131na destek \u00e7a\u011fr\u0131s\u0131nda bulundu. K\u00fctahyaspor\u2019un bu sezon uzun y\u0131llard\u0131r \u00f6zlemi duyulan 2. Lig\u2019e y\u00fckselme f\u0131rsat\u0131n\u0131 yakalad\u0131\u011f\u0131n\u0131 belirten I\u015f\u0131n, tak\u0131m\u0131n ligde lider konumda yer ald\u0131\u011f\u0131n\u0131 ifade etti. Vali I\u015f\u0131n, K\u00fctahyaspor y\u00f6netimi ve sporcular\u0131n\u0131n sezon boyunca b\u00fcy\u00fck bir gayret ve \u00f6zveriyle m\u00fccadele etti\u011fini vurgulayarak, yakalanan&#8230;<\/p>\n","protected":false},"author":1,"featured_media":81051,"comment_status":"open","ping_status":"open","sticky":false,"template":"","format":"standard","meta":{"_crdt_document":"","footnotes":""},"categories":[4],"tags":[],"class_list":["post-81050","post","type-post","status-publish","format-standard","has-post-thumbnail","hentry","category-spor"],"_links":{"self":[{"href":"https:\/\/www.egemtv.com\/index.php?rest_route=\/wp\/v2\/posts\/81050","targetHints":{"allow":["GET"]}}],"collection":[{"href":"https:\/\/www.egemtv.com\/index.php?rest_route=\/wp\/v2\/posts"}],"about":[{"href":"https:\/\/www.egemtv.com\/index.php?rest_route=\/wp\/v2\/types\/post"}],"author":[{"embeddable":true,"href":"https:\/\/www.egemtv.com\/index.php?rest_route=\/wp\/v2\/users\/1"}],"replies":[{"embeddable":true,"href":"https:\/\/www.egemtv.com\/index.php?rest_route=%2Fwp%2Fv2%2Fcomments&post=81050"}],"version-history":[{"count":1,"href":"https:\/\/www.egemtv.com\/index.php?rest_route=\/wp\/v2\/posts\/81050\/revisions"}],"predecessor-version":[{"id":81052,"href":"https:\/\/www.egemtv.com\/index.php?rest_route=\/wp\/v2\/posts\/81050\/revisions\/81052"}],"wp:featuredmedia":[{"embeddable":true,"href":"https:\/\/www.egemtv.com\/index.php?rest_route=\/wp\/v2\/media\/81051"}],"wp:attachment":[{"href":"https:\/\/www.egemtv.com\/index.php?rest_route=%2Fwp%2Fv2%2Fmedia&parent=81050"}],"wp:term":[{"taxonomy":"category","embeddable":true,"href":"https:\/\/www.egemtv.com\/index.php?rest_route=%2Fwp%2Fv2%2Fcategories&post=81050"},{"taxonomy":"post_tag","embeddable":true,"href":"https:\/\/www.egemtv.com\/index.php?rest_route=%2Fwp%2Fv2%2Ftags&post=81050"}],"curies":[{"name":"wp","href":"https:\/\/api.w.org\/{rel}","templated":true}]}}