{"id":81032,"date":"2026-01-15T19:14:48","date_gmt":"2026-01-15T16:14:48","guid":{"rendered":"https:\/\/www.egemtv.com\/?p=81032"},"modified":"2026-01-15T19:14:49","modified_gmt":"2026-01-15T16:14:49","slug":"ziraat-turkiye-kupasi-bodrum-fk-0-konyaspor-1-ilk-yari","status":"publish","type":"post","link":"https:\/\/www.egemtv.com\/?p=81032","title":{"rendered":"Ziraat T\u00fcrkiye Kupas\u0131: Bodrum FK: 0 &#8211; Konyaspor: 1 (\u0130lk yar\u0131)"},"content":{"rendered":"<p>Ziraat T\u00fcrkiye Kupas\u0131 B Grubu 2. hafta ma\u00e7\u0131nda Bodrum FK sahas\u0131nda Konyaspor ile kar\u015f\u0131la\u015f\u0131yor. M\u00fccadelenin ilk yar\u0131s\u0131 konuk tak\u0131m\u0131n 1-0 \u00fcst\u00fcnl\u00fc\u011f\u00fc ile sona erdi.<\/p>\n<p>Ma\u00e7tan dakikalar (\u0130lk yar\u0131)<br \/>\n<br \/>45. dakikada Konyaspor\u2019da ceza yay\u0131 \u00fczerinden Umut\u2019un pas\u0131nda ceza sahas\u0131 sol \u00e7aprazda topla bulu\u015fan Bjorlo\u2019nun \u015futunda me\u015fin yuvarlak filelerle bulu\u015ftu. 0-1<\/p>\n<p>Stat: Bodrum \u0130l\u00e7e<br \/>\n<br \/>Hakemler: Yusuf Adnan Kendirciler, Furkan \u00dcr\u00fcn, \u00c7a\u011fr\u0131can Pazarc\u0131kl\u0131<br \/>\n<br \/>Bodrum FK: Bahri, Cenk, \u0130smail, Furkan, Imeri, Mustafa, Adem Metin, Enes, Ege, Dimitrov, Seferi<br \/>\n<br \/>Yedekler: Mehmet Ad\u0131yaman, Brazao, Ajeti, Obekpa, Ahmet Aslan, Mert Y\u0131lmaz, Ali Aytemur, Emirhan Arkutcu, Ali Habe\u015fo\u011flu<br \/>\n<br \/>Teknik Direkt\u00f6r: Sefer Y\u0131lmaz<br \/>\n<br \/>Konyaspor: Deniz, Andzouana, U\u011furcan, Adil, Guilherme, Bjorlo, Jevtovic, Tunahaan, Bardhi, Muleka, Umut<br \/>\n<br \/>Yedekler: Bahad\u0131r Han G\u00fcng\u00f6rd\u00fc, Karahan Yasir Suba\u015f\u0131, Deniz T\u00fcr\u00fc\u00e7, Melih Bostan, Berkan \u0130smail Kutlu, Guillermo Bazoer, Jinho Jo, Arif Bo\u015fluk, \u0130smail Esat Bu\u011fa, Sander Svendsen<br \/>\n<br \/>Teknik Direkt\u00f6r: \u00c7a\u011fda\u015f Atan<br \/>\n<br \/>Gol: Bjorlo (dk. 45) (Konyaspor)<br \/>\n<br \/>Sar\u0131 kartlar: Jevtovic, Arif Bo\u015fluk (Konyaspor)<br \/><\/p>\n","protected":false},"excerpt":{"rendered":"<p>Ziraat T\u00fcrkiye Kupas\u0131 B Grubu 2. hafta ma\u00e7\u0131nda Bodrum FK sahas\u0131nda Konyaspor ile kar\u015f\u0131la\u015f\u0131yor. M\u00fccadelenin ilk yar\u0131s\u0131 konuk tak\u0131m\u0131n 1-0 \u00fcst\u00fcnl\u00fc\u011f\u00fc ile sona erdi. Ma\u00e7tan dakikalar (\u0130lk yar\u0131) 45. dakikada Konyaspor\u2019da ceza yay\u0131 \u00fczerinden Umut\u2019un pas\u0131nda ceza sahas\u0131 sol \u00e7aprazda topla bulu\u015fan Bjorlo\u2019nun \u015futunda me\u015fin yuvarlak filelerle bulu\u015ftu. 0-1 Stat: Bodrum \u0130l\u00e7e Hakemler: Yusuf Adnan&#8230;<\/p>\n","protected":false},"author":1,"featured_media":81033,"comment_status":"open","ping_status":"open","sticky":false,"template":"","format":"standard","meta":{"_crdt_document":"","footnotes":""},"categories":[4],"tags":[],"class_list":["post-81032","post","type-post","status-publish","format-standard","has-post-thumbnail","hentry","category-spor"],"_links":{"self":[{"href":"https:\/\/www.egemtv.com\/index.php?rest_route=\/wp\/v2\/posts\/81032","targetHints":{"allow":["GET"]}}],"collection":[{"href":"https:\/\/www.egemtv.com\/index.php?rest_route=\/wp\/v2\/posts"}],"about":[{"href":"https:\/\/www.egemtv.com\/index.php?rest_route=\/wp\/v2\/types\/post"}],"author":[{"embeddable":true,"href":"https:\/\/www.egemtv.com\/index.php?rest_route=\/wp\/v2\/users\/1"}],"replies":[{"embeddable":true,"href":"https:\/\/www.egemtv.com\/index.php?rest_route=%2Fwp%2Fv2%2Fcomments&post=81032"}],"version-history":[{"count":1,"href":"https:\/\/www.egemtv.com\/index.php?rest_route=\/wp\/v2\/posts\/81032\/revisions"}],"predecessor-version":[{"id":81034,"href":"https:\/\/www.egemtv.com\/index.php?rest_route=\/wp\/v2\/posts\/81032\/revisions\/81034"}],"wp:featuredmedia":[{"embeddable":true,"href":"https:\/\/www.egemtv.com\/index.php?rest_route=\/wp\/v2\/media\/81033"}],"wp:attachment":[{"href":"https:\/\/www.egemtv.com\/index.php?rest_route=%2Fwp%2Fv2%2Fmedia&parent=81032"}],"wp:term":[{"taxonomy":"category","embeddable":true,"href":"https:\/\/www.egemtv.com\/index.php?rest_route=%2Fwp%2Fv2%2Fcategories&post=81032"},{"taxonomy":"post_tag","embeddable":true,"href":"https:\/\/www.egemtv.com\/index.php?rest_route=%2Fwp%2Fv2%2Ftags&post=81032"}],"curies":[{"name":"wp","href":"https:\/\/api.w.org\/{rel}","templated":true}]}}