{"id":81029,"date":"2026-01-15T18:34:36","date_gmt":"2026-01-15T15:34:36","guid":{"rendered":"https:\/\/www.egemtv.com\/?p=81029"},"modified":"2026-01-15T18:34:37","modified_gmt":"2026-01-15T15:34:37","slug":"yunusemrede-mirac-kandilinde-lokma-hayri","status":"publish","type":"post","link":"https:\/\/www.egemtv.com\/?p=81029","title":{"rendered":"Yunusemre\u2019de Mira\u00e7 Kandili\u2019nde lokma hayr\u0131"},"content":{"rendered":"<p>Mira\u00e7 Kandili dolay\u0131s\u0131yla Yunusemre Belediyesi Engelsiz Ya\u015fam Merkezi\u2019nde, mahalle muhtarlar\u0131n\u0131n \u00f6nc\u00fcl\u00fc\u011f\u00fcnde lokma hayr\u0131 ger\u00e7ekle\u015ftirildi.<br \/>\n<br \/>Muradiye Engelsiz Ya\u015fam Merkezi\u2019nde d\u00fczenlenen lokma hayr\u0131, Yunusemre Muhtarlar Derne\u011fi Ba\u015fkan\u0131 Bedriye Y\u0131ld\u0131z Pehlivan \u00f6nc\u00fcl\u00fc\u011f\u00fcnde; Ba\u011fyolu, Bostanlar, S\u00fcmb\u00fcltepe ve Avdal mahalleleri muhtarlar\u0131n\u0131n giri\u015fimiyle ve Yunusemre genelindeki mahalle muhtarlar\u0131n\u0131n destekleriyle yap\u0131ld\u0131. Programa Yunusemre Belediye Ba\u015fkan\u0131 Semih Balaban, Yunusemre Kaymakam\u0131 Celalettin Cant\u00fcrk, Belediye Ba\u015fkan Yard\u0131mc\u0131lar\u0131 Emine \u00d6zge Arslan, Hakan G\u00fcrtunca ile \u00e7ok say\u0131da mahalle muhtar\u0131 kat\u0131ld\u0131.<br \/>\n<br \/>Etkinlikte engelli bireyler ve \u00e7ocuklarla yak\u0131ndan ilgilenen protokol \u00fcyeleri, Mira\u00e7 Kandili\u2019nin birlik, beraberlik ve dayan\u0131\u015fma ruhuna vurgu yapt\u0131.<br \/>\n<br \/>\u00d6te yandan, Yunusemre Belediyesi\u2019nden talepte bulunan Deniz Disleksi E\u011fitim Merkezi \u00f6\u011frencilerinin iste\u011fi de geri \u00e7evrilmedi. \u00d6zel Kalem M\u00fcd\u00fcrl\u00fc\u011f\u00fc personelleri taraf\u0131ndan merkez \u00f6\u011frencilerine kandil simidi da\u011f\u0131t\u0131ld\u0131. \u00c7ocuklar, kandil sevincine ortak olan Yunusemre Belediye Ba\u015fkan\u0131 Semih Balaban\u2019a te\u015fekk\u00fcr etti.<br \/><\/p>\n","protected":false},"excerpt":{"rendered":"<p>Mira\u00e7 Kandili dolay\u0131s\u0131yla Yunusemre Belediyesi Engelsiz Ya\u015fam Merkezi\u2019nde, mahalle muhtarlar\u0131n\u0131n \u00f6nc\u00fcl\u00fc\u011f\u00fcnde lokma hayr\u0131 ger\u00e7ekle\u015ftirildi. Muradiye Engelsiz Ya\u015fam Merkezi\u2019nde d\u00fczenlenen lokma hayr\u0131, Yunusemre Muhtarlar Derne\u011fi Ba\u015fkan\u0131 Bedriye Y\u0131ld\u0131z Pehlivan \u00f6nc\u00fcl\u00fc\u011f\u00fcnde; Ba\u011fyolu, Bostanlar, S\u00fcmb\u00fcltepe ve Avdal mahalleleri muhtarlar\u0131n\u0131n giri\u015fimiyle ve Yunusemre genelindeki mahalle muhtarlar\u0131n\u0131n destekleriyle yap\u0131ld\u0131. Programa Yunusemre Belediye Ba\u015fkan\u0131 Semih Balaban, Yunusemre Kaymakam\u0131 Celalettin Cant\u00fcrk, Belediye&#8230;<\/p>\n","protected":false},"author":1,"featured_media":81030,"comment_status":"open","ping_status":"open","sticky":false,"template":"","format":"standard","meta":{"_crdt_document":"","footnotes":""},"categories":[123],"tags":[],"class_list":["post-81029","post","type-post","status-publish","format-standard","has-post-thumbnail","hentry","category-gundem"],"_links":{"self":[{"href":"https:\/\/www.egemtv.com\/index.php?rest_route=\/wp\/v2\/posts\/81029","targetHints":{"allow":["GET"]}}],"collection":[{"href":"https:\/\/www.egemtv.com\/index.php?rest_route=\/wp\/v2\/posts"}],"about":[{"href":"https:\/\/www.egemtv.com\/index.php?rest_route=\/wp\/v2\/types\/post"}],"author":[{"embeddable":true,"href":"https:\/\/www.egemtv.com\/index.php?rest_route=\/wp\/v2\/users\/1"}],"replies":[{"embeddable":true,"href":"https:\/\/www.egemtv.com\/index.php?rest_route=%2Fwp%2Fv2%2Fcomments&post=81029"}],"version-history":[{"count":1,"href":"https:\/\/www.egemtv.com\/index.php?rest_route=\/wp\/v2\/posts\/81029\/revisions"}],"predecessor-version":[{"id":81031,"href":"https:\/\/www.egemtv.com\/index.php?rest_route=\/wp\/v2\/posts\/81029\/revisions\/81031"}],"wp:featuredmedia":[{"embeddable":true,"href":"https:\/\/www.egemtv.com\/index.php?rest_route=\/wp\/v2\/media\/81030"}],"wp:attachment":[{"href":"https:\/\/www.egemtv.com\/index.php?rest_route=%2Fwp%2Fv2%2Fmedia&parent=81029"}],"wp:term":[{"taxonomy":"category","embeddable":true,"href":"https:\/\/www.egemtv.com\/index.php?rest_route=%2Fwp%2Fv2%2Fcategories&post=81029"},{"taxonomy":"post_tag","embeddable":true,"href":"https:\/\/www.egemtv.com\/index.php?rest_route=%2Fwp%2Fv2%2Ftags&post=81029"}],"curies":[{"name":"wp","href":"https:\/\/api.w.org\/{rel}","templated":true}]}}