{"id":81026,"date":"2026-01-15T17:56:57","date_gmt":"2026-01-15T14:56:57","guid":{"rendered":"https:\/\/www.egemtv.com\/?p=81026"},"modified":"2026-01-15T17:56:58","modified_gmt":"2026-01-15T14:56:58","slug":"kutahya-huzurevinde-mirac-kandili-programi","status":"publish","type":"post","link":"https:\/\/www.egemtv.com\/?p=81026","title":{"rendered":"K\u00fctahya Huzurevi\u2019nde Mira\u00e7 Kandili program\u0131"},"content":{"rendered":"<p>K\u00fctahya M\u00fcft\u00fcl\u00fc\u011f\u00fc taraf\u0131ndan K\u00fctahya Huzurevi Ya\u015fl\u0131 Bak\u0131m ve Rehabilitasyon Merkezinde Mira\u00e7 Kandili Program\u0131 ger\u00e7ekle\u015ftirildi.<br \/>\n<br \/>Programa \u0130l M\u00fcft\u00fc Yard\u0131mc\u0131s\u0131 Kemal Bal kat\u0131larak huzurevi sakinleriyle bir araya geldi. Kur\u2019an-\u0131 Kerim tilavetiyle ba\u015flayan programda, Mira\u00e7 Kandili\u2019nin fazileti \u00fczerine sohbet edildi. \u0130lahi ve kasidelerin de yer ald\u0131\u011f\u0131 program, yap\u0131lan dua ile sona erdi.<br \/><\/p>\n","protected":false},"excerpt":{"rendered":"<p>K\u00fctahya M\u00fcft\u00fcl\u00fc\u011f\u00fc taraf\u0131ndan K\u00fctahya Huzurevi Ya\u015fl\u0131 Bak\u0131m ve Rehabilitasyon Merkezinde Mira\u00e7 Kandili Program\u0131 ger\u00e7ekle\u015ftirildi. Programa \u0130l M\u00fcft\u00fc Yard\u0131mc\u0131s\u0131 Kemal Bal kat\u0131larak huzurevi sakinleriyle bir araya geldi. Kur\u2019an-\u0131 Kerim tilavetiyle ba\u015flayan programda, Mira\u00e7 Kandili\u2019nin fazileti \u00fczerine sohbet edildi. \u0130lahi ve kasidelerin de yer ald\u0131\u011f\u0131 program, yap\u0131lan dua ile sona erdi.<\/p>\n","protected":false},"author":1,"featured_media":81027,"comment_status":"open","ping_status":"open","sticky":false,"template":"","format":"standard","meta":{"_crdt_document":"","footnotes":""},"categories":[1],"tags":[],"class_list":["post-81026","post","type-post","status-publish","format-standard","has-post-thumbnail","hentry","category-guncel"],"_links":{"self":[{"href":"https:\/\/www.egemtv.com\/index.php?rest_route=\/wp\/v2\/posts\/81026","targetHints":{"allow":["GET"]}}],"collection":[{"href":"https:\/\/www.egemtv.com\/index.php?rest_route=\/wp\/v2\/posts"}],"about":[{"href":"https:\/\/www.egemtv.com\/index.php?rest_route=\/wp\/v2\/types\/post"}],"author":[{"embeddable":true,"href":"https:\/\/www.egemtv.com\/index.php?rest_route=\/wp\/v2\/users\/1"}],"replies":[{"embeddable":true,"href":"https:\/\/www.egemtv.com\/index.php?rest_route=%2Fwp%2Fv2%2Fcomments&post=81026"}],"version-history":[{"count":1,"href":"https:\/\/www.egemtv.com\/index.php?rest_route=\/wp\/v2\/posts\/81026\/revisions"}],"predecessor-version":[{"id":81028,"href":"https:\/\/www.egemtv.com\/index.php?rest_route=\/wp\/v2\/posts\/81026\/revisions\/81028"}],"wp:featuredmedia":[{"embeddable":true,"href":"https:\/\/www.egemtv.com\/index.php?rest_route=\/wp\/v2\/media\/81027"}],"wp:attachment":[{"href":"https:\/\/www.egemtv.com\/index.php?rest_route=%2Fwp%2Fv2%2Fmedia&parent=81026"}],"wp:term":[{"taxonomy":"category","embeddable":true,"href":"https:\/\/www.egemtv.com\/index.php?rest_route=%2Fwp%2Fv2%2Fcategories&post=81026"},{"taxonomy":"post_tag","embeddable":true,"href":"https:\/\/www.egemtv.com\/index.php?rest_route=%2Fwp%2Fv2%2Ftags&post=81026"}],"curies":[{"name":"wp","href":"https:\/\/api.w.org\/{rel}","templated":true}]}}