{"id":81023,"date":"2026-01-15T17:56:56","date_gmt":"2026-01-15T14:56:56","guid":{"rendered":"https:\/\/www.egemtv.com\/?p=81023"},"modified":"2026-01-15T17:56:57","modified_gmt":"2026-01-15T14:56:57","slug":"kusadasinda-evler-ve-yurekler-dayanismayla-isiniyor","status":"publish","type":"post","link":"https:\/\/www.egemtv.com\/?p=81023","title":{"rendered":"Ku\u015fadas\u0131\u2019nda evler ve y\u00fcrekler dayan\u0131\u015fmayla \u0131s\u0131n\u0131yor"},"content":{"rendered":"<p>Ku\u015fadas\u0131 Belediyesi k\u0131\u015f \u015fartlar\u0131 ve her ge\u00e7en g\u00fcn etkisini art\u0131ran ekonomik kriz nedeniyle zor g\u00fcnler ge\u00e7iren ihtiya\u00e7 sahibi ailelere soba deste\u011fini s\u00fcrd\u00fcr\u00fcyor. Yap\u0131lan yard\u0131mlar sayesinde kentte evler ve y\u00fcrekler dayan\u0131\u015fma ile \u0131s\u0131n\u0131yor.<\/p>\n<p>Ku\u015fadas\u0131 Belediyesi, hem\u015fehrilerinin k\u0131\u015f \u015fartlar\u0131n\u0131 en kolay \u015fekilde atlatabilmesi i\u00e7in gerekli tedbirleri almay\u0131 s\u00fcrd\u00fcr\u00fcyor. Ba\u015fkan \u00d6mer G\u00fcnel\u2019in g\u00f6rev d\u00f6neminde 3 kat art\u0131r\u0131lan sosyal yard\u0131m \u00e7al\u0131\u015fmalar\u0131yla ihtiya\u00e7 sahibi aileler i\u00e7in so\u011fuk k\u0131\u015f g\u00fcnlerinde yakacak yard\u0131m\u0131n\u0131n yan\u0131 s\u0131ra soba da\u011f\u0131t\u0131m\u0131 da yap\u0131l\u0131yor. Sosyal Yard\u0131m \u0130\u015fleri M\u00fcd\u00fcrl\u00fc\u011f\u00fc ekipleri, 10 g\u00fcn\u00fc geride b\u0131rakan k\u0131\u015f desteklerinde bug\u00fcne kadar 36 haneye soba ula\u015ft\u0131rd\u0131. Sobalar\u0131n\u0131 alan aileler, Ba\u015fkan \u00d6mer G\u00fcnel\u2019e te\u015fekk\u00fcr etti. Soba deste\u011finin k\u0131\u015f boyunca s\u00fcrece\u011fi belirtildi.<\/p>\n<p>Ekiplere soba da\u011f\u0131t\u0131m\u0131nda e\u015flik eden Ku\u015fadas\u0131 Belediye Ba\u015fkan Yard\u0131mc\u0131s\u0131 Seyfi Seyhan Suvari, &#8220;Ba\u015fkan\u0131m\u0131z \u00d6mer G\u00fcnel\u2019in \u00f6nc\u00fcl\u00fc\u011f\u00fcnde hem\u015fehrilerimiz i\u00e7in sosyal yard\u0131mlar\u0131m\u0131z\u0131n miktar\u0131n\u0131 ve \u00e7e\u015fitlili\u011fini art\u0131rd\u0131k. So\u011fuk k\u0131\u015f g\u00fcnlerinde sobalar\u0131n\u0131 teslim alan ihtiya\u00e7 sahibi aileler rahat\u00e7a yuvalar\u0131n\u0131 \u0131s\u0131t\u0131yor. Ayr\u0131ca 1,5 ay \u00f6nce a\u00e7\u0131lan Ada K\u0131yafet Evi\u2019nde de \u00e7ocuklar\u0131m\u0131za ba\u011f\u0131\u015f\u00e7\u0131lar\u0131n deste\u011fiyle k\u0131\u015fl\u0131k k\u0131yafetler veriyoruz. Bu k\u0131\u015f da sosyal belediyecilikten asla taviz vermeyece\u011fiz&#8221; diye konu\u015ftu.<br \/><\/p>\n","protected":false},"excerpt":{"rendered":"<p>Ku\u015fadas\u0131 Belediyesi k\u0131\u015f \u015fartlar\u0131 ve her ge\u00e7en g\u00fcn etkisini art\u0131ran ekonomik kriz nedeniyle zor g\u00fcnler ge\u00e7iren ihtiya\u00e7 sahibi ailelere soba deste\u011fini s\u00fcrd\u00fcr\u00fcyor. Yap\u0131lan yard\u0131mlar sayesinde kentte evler ve y\u00fcrekler dayan\u0131\u015fma ile \u0131s\u0131n\u0131yor. Ku\u015fadas\u0131 Belediyesi, hem\u015fehrilerinin k\u0131\u015f \u015fartlar\u0131n\u0131 en kolay \u015fekilde atlatabilmesi i\u00e7in gerekli tedbirleri almay\u0131 s\u00fcrd\u00fcr\u00fcyor. Ba\u015fkan \u00d6mer G\u00fcnel\u2019in g\u00f6rev d\u00f6neminde 3 kat art\u0131r\u0131lan sosyal&#8230;<\/p>\n","protected":false},"author":1,"featured_media":81024,"comment_status":"open","ping_status":"open","sticky":false,"template":"","format":"standard","meta":{"_crdt_document":"","footnotes":""},"categories":[125],"tags":[],"class_list":["post-81023","post","type-post","status-publish","format-standard","has-post-thumbnail","hentry","category-ekonomi"],"_links":{"self":[{"href":"https:\/\/www.egemtv.com\/index.php?rest_route=\/wp\/v2\/posts\/81023","targetHints":{"allow":["GET"]}}],"collection":[{"href":"https:\/\/www.egemtv.com\/index.php?rest_route=\/wp\/v2\/posts"}],"about":[{"href":"https:\/\/www.egemtv.com\/index.php?rest_route=\/wp\/v2\/types\/post"}],"author":[{"embeddable":true,"href":"https:\/\/www.egemtv.com\/index.php?rest_route=\/wp\/v2\/users\/1"}],"replies":[{"embeddable":true,"href":"https:\/\/www.egemtv.com\/index.php?rest_route=%2Fwp%2Fv2%2Fcomments&post=81023"}],"version-history":[{"count":1,"href":"https:\/\/www.egemtv.com\/index.php?rest_route=\/wp\/v2\/posts\/81023\/revisions"}],"predecessor-version":[{"id":81025,"href":"https:\/\/www.egemtv.com\/index.php?rest_route=\/wp\/v2\/posts\/81023\/revisions\/81025"}],"wp:featuredmedia":[{"embeddable":true,"href":"https:\/\/www.egemtv.com\/index.php?rest_route=\/wp\/v2\/media\/81024"}],"wp:attachment":[{"href":"https:\/\/www.egemtv.com\/index.php?rest_route=%2Fwp%2Fv2%2Fmedia&parent=81023"}],"wp:term":[{"taxonomy":"category","embeddable":true,"href":"https:\/\/www.egemtv.com\/index.php?rest_route=%2Fwp%2Fv2%2Fcategories&post=81023"},{"taxonomy":"post_tag","embeddable":true,"href":"https:\/\/www.egemtv.com\/index.php?rest_route=%2Fwp%2Fv2%2Ftags&post=81023"}],"curies":[{"name":"wp","href":"https:\/\/api.w.org\/{rel}","templated":true}]}}