{"id":81020,"date":"2026-01-15T17:34:51","date_gmt":"2026-01-15T14:34:51","guid":{"rendered":"https:\/\/www.egemtv.com\/?p=81020"},"modified":"2026-01-15T17:34:52","modified_gmt":"2026-01-15T14:34:52","slug":"aydin-emniyet-mudurlugunden-kaldirim-nobeti-aciklamasi","status":"publish","type":"post","link":"https:\/\/www.egemtv.com\/?p=81020","title":{"rendered":"Ayd\u0131n Emniyet M\u00fcd\u00fcrl\u00fc\u011f\u00fc\u2019nden \u2019kald\u0131r\u0131m n\u00f6beti\u2019 a\u00e7\u0131klamas\u0131"},"content":{"rendered":"<p>Ayd\u0131n \u0130l Emniyet M\u00fcd\u00fcrl\u00fc\u011f\u00fc, trafik \u015fubede g\u00f6revli bir polis memurunun, amirleri taraf\u0131ndan kald\u0131r\u0131m n\u00f6beti tutturulmas\u0131 olay\u0131na ili\u015fkin a\u00e7\u0131klama yapt\u0131.<br \/>\n<br \/>Konu ile ilgili Ayd\u0131n \u0130l Emniyet M\u00fcd\u00fcrl\u00fc\u011f\u00fc\u2019nden yap\u0131lan a\u00e7\u0131klamada &#8220;Baz\u0131 sosyal medya hesaplar\u0131nda yer alan ger\u00e7e\u011fi yans\u0131tmayan payla\u015f\u0131mlarla ilgili olarak, \u0130l Emniyet M\u00fcd\u00fcrl\u00fc\u011f\u00fcm\u00fcz b\u00fcnyesinde g\u00f6rev yapan bahse konu polis memuru hakk\u0131nda, g\u00f6rev yapt\u0131\u011f\u0131 s\u00fcre i\u00e7erisinde vatanda\u015flarla ileti\u015fim ve polis-halk ili\u015fkilerini olumsuz etkileyen \u015fikayetler kapsam\u0131nda idari de\u011ferlendirme yap\u0131lm\u0131\u015f ve bu de\u011ferlendirme sonucunda g\u00f6rev yeri de\u011fi\u015fikli\u011fine gidilmi\u015f, akabinde, ilgili yarg\u0131 karar\u0131n\u0131n uygulanmas\u0131 neticesinde Trafik Denetleme \u015eube M\u00fcd\u00fcrl\u00fc\u011f\u00fc\u2019nde yeniden g\u00f6revine ba\u015flat\u0131lm\u0131\u015ft\u0131r. Personelimiz, Emniyet Genel M\u00fcd\u00fcrl\u00fc\u011f\u00fc Trafik Kurulu\u015f, G\u00f6rev ve \u00c7al\u0131\u015fma Y\u00f6netmeli\u011fi\u2019nin 144. maddesi gere\u011fi Mu\u011fla Bulvar\u0131 \u00fczerindeki ara\u00e7 yo\u011funlu\u011fu, ihbarlar ve Ayd\u0131n G\u00f6z Hastanesi \u00f6n\u00fcndeki hatal\u0131 parklar ile Mu\u011fla Bulvar\u0131 ba\u011flant\u0131 yollar\u0131nda halen devam eden yol bak\u0131m ve onar\u0131m \u00e7al\u0131\u015fmalardan kaynakl\u0131 meydana gelen trafik s\u0131k\u0131\u015f\u0131kl\u0131\u011f\u0131n\u0131n \u00f6nlenmesi amac\u0131yla yaya devriye olarak g\u00f6revlendirilmi\u015ftir. Trafik Denetleme \u015eube M\u00fcd\u00fcrl\u00fc\u011f\u00fcm\u00fczce gerekli g\u00f6r\u00fclen durumlarda, mevzuat h\u00fck\u00fcmleri \u00e7er\u00e7evesinde trafik yo\u011funlu\u011funun oldu\u011fu farkl\u0131 g\u00fczergahlar \u00fczerinde yaya ve motorize personel g\u00f6revlendirilmesi yap\u0131lmaktad\u0131r&#8221; ifadeleri yer ald\u0131.<br \/><\/p>\n","protected":false},"excerpt":{"rendered":"<p>Ayd\u0131n \u0130l Emniyet M\u00fcd\u00fcrl\u00fc\u011f\u00fc, trafik \u015fubede g\u00f6revli bir polis memurunun, amirleri taraf\u0131ndan kald\u0131r\u0131m n\u00f6beti tutturulmas\u0131 olay\u0131na ili\u015fkin a\u00e7\u0131klama yapt\u0131. Konu ile ilgili Ayd\u0131n \u0130l Emniyet M\u00fcd\u00fcrl\u00fc\u011f\u00fc\u2019nden yap\u0131lan a\u00e7\u0131klamada &#8220;Baz\u0131 sosyal medya hesaplar\u0131nda yer alan ger\u00e7e\u011fi yans\u0131tmayan payla\u015f\u0131mlarla ilgili olarak, \u0130l Emniyet M\u00fcd\u00fcrl\u00fc\u011f\u00fcm\u00fcz b\u00fcnyesinde g\u00f6rev yapan bahse konu polis memuru hakk\u0131nda, g\u00f6rev yapt\u0131\u011f\u0131 s\u00fcre i\u00e7erisinde vatanda\u015flarla&#8230;<\/p>\n","protected":false},"author":1,"featured_media":81021,"comment_status":"open","ping_status":"open","sticky":false,"template":"","format":"standard","meta":{"_crdt_document":"","footnotes":""},"categories":[5],"tags":[],"class_list":["post-81020","post","type-post","status-publish","format-standard","has-post-thumbnail","hentry","category-asayis"],"_links":{"self":[{"href":"https:\/\/www.egemtv.com\/index.php?rest_route=\/wp\/v2\/posts\/81020","targetHints":{"allow":["GET"]}}],"collection":[{"href":"https:\/\/www.egemtv.com\/index.php?rest_route=\/wp\/v2\/posts"}],"about":[{"href":"https:\/\/www.egemtv.com\/index.php?rest_route=\/wp\/v2\/types\/post"}],"author":[{"embeddable":true,"href":"https:\/\/www.egemtv.com\/index.php?rest_route=\/wp\/v2\/users\/1"}],"replies":[{"embeddable":true,"href":"https:\/\/www.egemtv.com\/index.php?rest_route=%2Fwp%2Fv2%2Fcomments&post=81020"}],"version-history":[{"count":1,"href":"https:\/\/www.egemtv.com\/index.php?rest_route=\/wp\/v2\/posts\/81020\/revisions"}],"predecessor-version":[{"id":81022,"href":"https:\/\/www.egemtv.com\/index.php?rest_route=\/wp\/v2\/posts\/81020\/revisions\/81022"}],"wp:featuredmedia":[{"embeddable":true,"href":"https:\/\/www.egemtv.com\/index.php?rest_route=\/wp\/v2\/media\/81021"}],"wp:attachment":[{"href":"https:\/\/www.egemtv.com\/index.php?rest_route=%2Fwp%2Fv2%2Fmedia&parent=81020"}],"wp:term":[{"taxonomy":"category","embeddable":true,"href":"https:\/\/www.egemtv.com\/index.php?rest_route=%2Fwp%2Fv2%2Fcategories&post=81020"},{"taxonomy":"post_tag","embeddable":true,"href":"https:\/\/www.egemtv.com\/index.php?rest_route=%2Fwp%2Fv2%2Ftags&post=81020"}],"curies":[{"name":"wp","href":"https:\/\/api.w.org\/{rel}","templated":true}]}}