{"id":81017,"date":"2026-01-15T17:34:50","date_gmt":"2026-01-15T14:34:50","guid":{"rendered":"https:\/\/www.egemtv.com\/?p=81017"},"modified":"2026-01-15T17:34:51","modified_gmt":"2026-01-15T14:34:51","slug":"eski-ihd-izmir-sube-baskani-ali-aydin-son-yolculuguna-ugurlandi","status":"publish","type":"post","link":"https:\/\/www.egemtv.com\/?p=81017","title":{"rendered":"Eski \u0130HD \u0130zmir \u015eube Ba\u015fkan\u0131 Ali Ayd\u0131n son yolculu\u011funa u\u011furland\u0131"},"content":{"rendered":"<p>\u0130zmir\u2019in \u00c7i\u011fli il\u00e7esinde u\u011frad\u0131\u011f\u0131 sald\u0131r\u0131 sonucu hayat\u0131n\u0131 kaybeden eski \u0130nsan Haklar\u0131 Derne\u011fi (\u0130HD) \u0130zmir \u015eube Ba\u015fkan\u0131 emekli \u00f6\u011fretmen ve avukat Ali Ayd\u0131n, d\u00fczenlenen t\u00f6renlerin ard\u0131ndan g\u00f6zya\u015flar\u0131yla topra\u011fa verildi. Ac\u0131l\u0131 e\u015f K\u0131zbes Ayd\u0131n, e\u015finin \u00f6mr\u00fcn\u00fc hak ve \u00f6zg\u00fcrl\u00fck m\u00fccadelesine adad\u0131\u011f\u0131n\u0131 belirterek, &#8220;Bu bireysel bir sald\u0131r\u0131 de\u011fildir. Arkas\u0131ndaki g\u00fcc\u00fcn ortaya \u00e7\u0131kar\u0131lmas\u0131 i\u00e7in hep birlikte m\u00fccadele edelim&#8221; dedi.<br \/>\n<br \/>Emekli \u00f6\u011fretmen ve avukat, ayn\u0131 zamanda \u0130HD \u0130zmir \u015eube E\u015f Ba\u015fkan\u0131 olan 69 ya\u015f\u0131ndaki Ali Ayd\u0131n, \u00c7i\u011fli il\u00e7esi Evka-2 b\u00f6lgesindeki da\u011fl\u0131k alanda \u00f6l\u00fc bulundu. Olay\u0131n hemen ard\u0131ndan polis ekipleri b\u00f6lgede geni\u015f \u00e7apl\u0131 bir inceleme ba\u015flatt\u0131. \u00c7i\u011fli Su\u00e7 \u00d6nleme ve Ara\u015ft\u0131rma B\u00fcro Amirli\u011fi ekiplerinin \u0131srarl\u0131 takibi sonu\u00e7 verdi ve cinayet zanl\u0131s\u0131 oldu\u011fu belirlenen 30 ya\u015f\u0131ndaki M.D.E. k\u0131sa s\u00fcrede yakalanarak g\u00f6zalt\u0131na al\u0131nd\u0131. Emniyetteki ilk sorgusunda su\u00e7unu itiraf eden zanl\u0131n\u0131n, cinayeti uyu\u015fturucu ve uyar\u0131c\u0131 madde etkisi alt\u0131ndayken i\u015fledi\u011fini s\u00f6yledi\u011fi \u00f6\u011frenildi. Zanl\u0131, emniyetteki i\u015flemlerinin ard\u0131ndan sevk edildi\u011fi mahkemece tutuklanarak cezaevine g\u00f6nderildi. Zanl\u0131n\u0131n mahkemede &#8220;Ben se\u00e7ilmi\u015f ki\u015fiyim, kafirleri \u00f6ld\u00fcrece\u011fim&#8221; diye slogan att\u0131\u011f\u0131 \u00f6\u011frenildi.<\/p>\n<p>Kar\u015f\u0131yaka Adliyesinde t\u00f6ren<br \/>\n<br \/>Ali Ayd\u0131n i\u00e7in ilk t\u00f6ren Kar\u015f\u0131yaka Adliyesi \u00f6n\u00fcnde ger\u00e7ekle\u015ftirildi. Buradaki t\u00f6rene \u0130zmir Barosu Ba\u015fkan\u0131 Sefa Y\u0131lmaz, baro y\u00f6netimi ve \u00e7ok say\u0131da meslekta\u015f\u0131 kat\u0131ld\u0131. Baro Ba\u015fkan\u0131 Y\u0131lmaz, Ayd\u0131n\u2019\u0131n sadece bir avukat de\u011fil, ayn\u0131 zamanda bir e\u011fitimci ve hak savunucusu oldu\u011funu belirterek olay\u0131n takip\u00e7isi olacaklar\u0131n\u0131 vurgulad\u0131.<\/p>\n<p>Cenazede g\u00f6zya\u015flar\u0131 sel oldu<br \/>\n<br \/>Ard\u0131ndan Ayd\u0131n\u2019\u0131n naa\u015f\u0131 \u00c7i\u011fli K\u00fclt\u00fcr Merkezi Cemevi\u2019ne getirildi. Cenaze t\u00f6renine Ayd\u0131n\u2019\u0131n e\u015fi K\u0131zbes Ayd\u0131n, \u00e7ocuklar\u0131 Heval ve Erdal Ayd\u0131n, CHP \u0130zmir Milletvekili Deniz Y\u00fccel, \u0130HD E\u015f Genel Ba\u015fkan\u0131 Cihan Ayd\u0131n, meslekta\u015flar\u0131 ve \u00e7ok say\u0131da seveni kat\u0131ld\u0131. T\u00f6rende konu\u015fan Ali Ayd\u0131n\u2019\u0131n e\u015fi K\u0131zbes Ayd\u0131n, e\u015finin \u00f6mr\u00fcn\u00fc hak ve \u00f6zg\u00fcrl\u00fck m\u00fccadelesine adad\u0131\u011f\u0131n\u0131 belirterek, &#8220;Bu bireysel bir sald\u0131r\u0131 de\u011fildir. Arkas\u0131ndaki g\u00fcc\u00fcn ortaya \u00e7\u0131kar\u0131lmas\u0131 i\u00e7in hep birlikte m\u00fccadele edelim&#8221; dedi. O\u011flu Erdal Ayd\u0131n ise babas\u0131n\u0131n kendisini mazlumlara adad\u0131\u011f\u0131n\u0131 ifade ederek faillerin en a\u011f\u0131r cezay\u0131 almas\u0131 i\u00e7in \u00e7al\u0131\u015facaklar\u0131n\u0131 s\u00f6yledi. \u0130HD E\u015f Genel Ba\u015fkan\u0131 Cihan Ayd\u0131n da failin arkas\u0131nda siyasi bir ba\u011flant\u0131 olup olmad\u0131\u011f\u0131n\u0131n t\u00fcm a\u00e7\u0131kl\u0131\u011f\u0131yla kamuoyuna sunulmas\u0131 gerekti\u011fini belirtti. Al\u0131nan helallik ve okunan dualar\u0131n ard\u0131ndan Ayd\u0131n\u2019\u0131n cenazesi Harmandal\u0131 Mezarl\u0131\u011f\u0131\u2019nda topra\u011fa verildi.<br \/><\/p>\n","protected":false},"excerpt":{"rendered":"<p>\u0130zmir\u2019in \u00c7i\u011fli il\u00e7esinde u\u011frad\u0131\u011f\u0131 sald\u0131r\u0131 sonucu hayat\u0131n\u0131 kaybeden eski \u0130nsan Haklar\u0131 Derne\u011fi (\u0130HD) \u0130zmir \u015eube Ba\u015fkan\u0131 emekli \u00f6\u011fretmen ve avukat Ali Ayd\u0131n, d\u00fczenlenen t\u00f6renlerin ard\u0131ndan g\u00f6zya\u015flar\u0131yla topra\u011fa verildi. Ac\u0131l\u0131 e\u015f K\u0131zbes Ayd\u0131n, e\u015finin \u00f6mr\u00fcn\u00fc hak ve \u00f6zg\u00fcrl\u00fck m\u00fccadelesine adad\u0131\u011f\u0131n\u0131 belirterek, &#8220;Bu bireysel bir sald\u0131r\u0131 de\u011fildir. Arkas\u0131ndaki g\u00fcc\u00fcn ortaya \u00e7\u0131kar\u0131lmas\u0131 i\u00e7in hep birlikte m\u00fccadele edelim&#8221; dedi&#8230;.<\/p>\n","protected":false},"author":1,"featured_media":81018,"comment_status":"open","ping_status":"open","sticky":false,"template":"","format":"standard","meta":{"_crdt_document":"","footnotes":""},"categories":[123],"tags":[],"class_list":["post-81017","post","type-post","status-publish","format-standard","has-post-thumbnail","hentry","category-gundem"],"_links":{"self":[{"href":"https:\/\/www.egemtv.com\/index.php?rest_route=\/wp\/v2\/posts\/81017","targetHints":{"allow":["GET"]}}],"collection":[{"href":"https:\/\/www.egemtv.com\/index.php?rest_route=\/wp\/v2\/posts"}],"about":[{"href":"https:\/\/www.egemtv.com\/index.php?rest_route=\/wp\/v2\/types\/post"}],"author":[{"embeddable":true,"href":"https:\/\/www.egemtv.com\/index.php?rest_route=\/wp\/v2\/users\/1"}],"replies":[{"embeddable":true,"href":"https:\/\/www.egemtv.com\/index.php?rest_route=%2Fwp%2Fv2%2Fcomments&post=81017"}],"version-history":[{"count":1,"href":"https:\/\/www.egemtv.com\/index.php?rest_route=\/wp\/v2\/posts\/81017\/revisions"}],"predecessor-version":[{"id":81019,"href":"https:\/\/www.egemtv.com\/index.php?rest_route=\/wp\/v2\/posts\/81017\/revisions\/81019"}],"wp:featuredmedia":[{"embeddable":true,"href":"https:\/\/www.egemtv.com\/index.php?rest_route=\/wp\/v2\/media\/81018"}],"wp:attachment":[{"href":"https:\/\/www.egemtv.com\/index.php?rest_route=%2Fwp%2Fv2%2Fmedia&parent=81017"}],"wp:term":[{"taxonomy":"category","embeddable":true,"href":"https:\/\/www.egemtv.com\/index.php?rest_route=%2Fwp%2Fv2%2Fcategories&post=81017"},{"taxonomy":"post_tag","embeddable":true,"href":"https:\/\/www.egemtv.com\/index.php?rest_route=%2Fwp%2Fv2%2Ftags&post=81017"}],"curies":[{"name":"wp","href":"https:\/\/api.w.org\/{rel}","templated":true}]}}