{"id":81014,"date":"2026-01-15T17:15:32","date_gmt":"2026-01-15T14:15:32","guid":{"rendered":"https:\/\/www.egemtv.com\/?p=81014"},"modified":"2026-01-15T17:15:33","modified_gmt":"2026-01-15T14:15:33","slug":"camelide-mirac-kandili-programi-duzenlendi","status":"publish","type":"post","link":"https:\/\/www.egemtv.com\/?p=81014","title":{"rendered":"\u00c7ameli\u2019de Mira\u00e7 Kandili Program\u0131 d\u00fczenlendi"},"content":{"rendered":"<p>Mira\u00e7 Kandili dolay\u0131s\u0131yla \u00c7ameli\u2019de d\u00fczenlenen program, protokol ve vatanda\u015flar\u0131n yo\u011fun kat\u0131l\u0131m\u0131yla ger\u00e7ekle\u015ftirildi. \u00c7ameli Belediyesi Konferans Salonu\u2019nda yap\u0131lan etkinlikte Kur\u2019an-\u0131 Kerim tilaveti, ilahiler ve sohbetlerle Mira\u00e7 Kandili\u2019nin manevi atmosferi hep birlikte ya\u015fand\u0131.<br \/>\n<br \/>Mira\u00e7 Kandili m\u00fcnasebetiyle \u00c7ameli\u2019de anlaml\u0131 bir program d\u00fczenlendi. \u00c7ameli Belediyesi Konferans Salonu\u2019nda ger\u00e7ekle\u015ftirilen programa; \u00c7ameli Kaymakam\u0131 Mustafa \u00c7elik, \u00c7ameli Belediye Ba\u015fkan\u0131 Cengiz Arslan, kurum amirleri, vatanda\u015flar ve \u00f6\u011frenciler kat\u0131ld\u0131. \u00c7ameli M\u00fcft\u00fcl\u00fc\u011f\u00fc ile \u00c7ameli Diyanet Gen\u00e7lik Koordinat\u00f6rl\u00fc\u011f\u00fc taraf\u0131ndan organize edilen program, Kur\u2019an-\u0131 Kerim tilavetiyle ba\u015flad\u0131. Ard\u0131ndan Mira\u00e7 Kandili\u2019nin anlam ve \u00f6nemini anlatan sinevizyon g\u00f6sterimi kat\u0131l\u0131mc\u0131larla bulu\u015fturuldu.<br \/>\n<br \/>Programda \u00c7ameli \u0130l\u00e7e M\u00fcft\u00fc Vekili Sabit Kurt taraf\u0131ndan Mira\u00e7 Kandili\u2019ne dair sohbet ger\u00e7ekle\u015ftirildi. Etkinlikte ayr\u0131ca \u00c7ameli M\u00fcft\u00fcl\u00fc\u011f\u00fc 4-6 Ya\u015f Kur\u2019an Kursu \u00f6\u011frencileri ile \u00c7ameli Diyanet Gen\u00e7lik Koordinat\u00f6rl\u00fc\u011f\u00fc \u0130lahi Grubu\u2019nun seslendirdi\u011fi ilahiler b\u00fcy\u00fck be\u011feni toplad\u0131. Program, yap\u0131lan dua ile sona ererken, kat\u0131l\u0131mc\u0131lar Mira\u00e7 Kandili\u2019nin manevi huzurunu hep birlikte ya\u015fad\u0131.<br \/><\/p>\n","protected":false},"excerpt":{"rendered":"<p>Mira\u00e7 Kandili dolay\u0131s\u0131yla \u00c7ameli\u2019de d\u00fczenlenen program, protokol ve vatanda\u015flar\u0131n yo\u011fun kat\u0131l\u0131m\u0131yla ger\u00e7ekle\u015ftirildi. \u00c7ameli Belediyesi Konferans Salonu\u2019nda yap\u0131lan etkinlikte Kur\u2019an-\u0131 Kerim tilaveti, ilahiler ve sohbetlerle Mira\u00e7 Kandili\u2019nin manevi atmosferi hep birlikte ya\u015fand\u0131. Mira\u00e7 Kandili m\u00fcnasebetiyle \u00c7ameli\u2019de anlaml\u0131 bir program d\u00fczenlendi. \u00c7ameli Belediyesi Konferans Salonu\u2019nda ger\u00e7ekle\u015ftirilen programa; \u00c7ameli Kaymakam\u0131 Mustafa \u00c7elik, \u00c7ameli Belediye Ba\u015fkan\u0131 Cengiz Arslan, kurum&#8230;<\/p>\n","protected":false},"author":1,"featured_media":81015,"comment_status":"open","ping_status":"open","sticky":false,"template":"","format":"standard","meta":{"_crdt_document":"","footnotes":""},"categories":[1],"tags":[],"class_list":["post-81014","post","type-post","status-publish","format-standard","has-post-thumbnail","hentry","category-guncel"],"_links":{"self":[{"href":"https:\/\/www.egemtv.com\/index.php?rest_route=\/wp\/v2\/posts\/81014","targetHints":{"allow":["GET"]}}],"collection":[{"href":"https:\/\/www.egemtv.com\/index.php?rest_route=\/wp\/v2\/posts"}],"about":[{"href":"https:\/\/www.egemtv.com\/index.php?rest_route=\/wp\/v2\/types\/post"}],"author":[{"embeddable":true,"href":"https:\/\/www.egemtv.com\/index.php?rest_route=\/wp\/v2\/users\/1"}],"replies":[{"embeddable":true,"href":"https:\/\/www.egemtv.com\/index.php?rest_route=%2Fwp%2Fv2%2Fcomments&post=81014"}],"version-history":[{"count":1,"href":"https:\/\/www.egemtv.com\/index.php?rest_route=\/wp\/v2\/posts\/81014\/revisions"}],"predecessor-version":[{"id":81016,"href":"https:\/\/www.egemtv.com\/index.php?rest_route=\/wp\/v2\/posts\/81014\/revisions\/81016"}],"wp:featuredmedia":[{"embeddable":true,"href":"https:\/\/www.egemtv.com\/index.php?rest_route=\/wp\/v2\/media\/81015"}],"wp:attachment":[{"href":"https:\/\/www.egemtv.com\/index.php?rest_route=%2Fwp%2Fv2%2Fmedia&parent=81014"}],"wp:term":[{"taxonomy":"category","embeddable":true,"href":"https:\/\/www.egemtv.com\/index.php?rest_route=%2Fwp%2Fv2%2Fcategories&post=81014"},{"taxonomy":"post_tag","embeddable":true,"href":"https:\/\/www.egemtv.com\/index.php?rest_route=%2Fwp%2Fv2%2Ftags&post=81014"}],"curies":[{"name":"wp","href":"https:\/\/api.w.org\/{rel}","templated":true}]}}