{"id":81008,"date":"2026-01-15T17:15:29","date_gmt":"2026-01-15T14:15:29","guid":{"rendered":"https:\/\/www.egemtv.com\/?p=81008"},"modified":"2026-01-15T17:15:30","modified_gmt":"2026-01-15T14:15:30","slug":"ak-partili-inan-25-sene-boyunca-yan-gelip-yattilar-simdi-yumurta-kapiya-gelince-engelleniyoruz-diyorlar","status":"publish","type":"post","link":"https:\/\/www.egemtv.com\/?p=81008","title":{"rendered":"AK Partili \u0130nan: &#8220;25 sene boyunca yan gelip yatt\u0131lar, \u015fimdi yumurta kap\u0131ya gelince \u2018engelleniyoruz\u2019 diyorlar&#8221;"},"content":{"rendered":"<p>AK Parti \u0130zmir \u0130l Ba\u015fkanl\u0131\u011f\u0131\u2019nda ger\u00e7ekle\u015ftirilen \u0130l Kad\u0131n Kollar\u0131 Dan\u0131\u015fma Meclisi Toplant\u0131s\u0131\u2019nda konu\u015fan AK Parti Genel Sekreteri ve \u0130zmir Milletvekili Eyy\u00fcp Kadir \u0130nan, &#8220;25 sene boyunca yan gelip yatt\u0131lar, \u015fimdi yumurta kap\u0131ya gelince \u2018engelleniyoruz\u2019 diyorlar. \u00d6zg\u00fcr \u00d6zel ve arkada\u015flar\u0131 \u0130zmir\u2019e d\u00fc\u011f\u00fcne gelip gidebilir ama biz milletvekillerimizle birlikte \u0130zmir\u2019in sokaklar\u0131na geliyoruz, sorunlar\u0131 \u00e7\u00f6zmek i\u00e7in geliyoruz&#8221; dedi.<br \/>\n<br \/>AK Parti \u0130zmir \u0130l Ba\u015fkanl\u0131\u011f\u0131\u2019nda \u0130l Kad\u0131n Kollar\u0131 Dan\u0131\u015fma Meclisi Toplant\u0131s\u0131 d\u00fczenlendi. Toplant\u0131ya, AK Parti Genel Sekreteri ve \u0130zmir Milletvekili Eyy\u00fcp Kadir \u0130nan, AK Parti \u0130zmir \u0130l Ba\u015fkan\u0131 Bilal Sayg\u0131l\u0131, AK Parti \u0130zmir Milletvekili Ceyda B\u00f6l\u00fcnmez \u00c7ank\u0131r\u0131, AK Parti Kad\u0131n Kollar\u0131 Genel Ba\u015fkan Yard\u0131mc\u0131s\u0131 Selver Akkoyun Korkmaz, \u0130l Kad\u0131n Kollar\u0131 Ba\u015fkan\u0131 Emel Dalk\u0131ran, MKYK \u00dcyesi Cemal Bekle, Kad\u0131n Kollar\u0131 Genel Merkez MKYK \u00dcyesi Ger\u00e7ek Tekin, Kad\u0131n Kollar\u0131 Genel Merkez MKYK \u00dcyesi ve Ege B\u00f6lge Koordinat\u00f6r\u00fc Mualla Varol, \u0130l Koordinat\u00f6r\u00fc Aynil Yava\u015f ve \u00e7ok say\u0131da te\u015fkilat mensubu kat\u0131ld\u0131. AK Parti \u0130zmir \u0130l Ba\u015fkanl\u0131\u011f\u0131\u2019nda d\u00fczenlenen \u0130l Kad\u0131n Kollar\u0131 Dan\u0131\u015fma Meclisi Toplant\u0131s\u0131\u2019nda konu\u015fan AK Parti Genel Sekreteri ve \u0130zmir Milletvekili Eyy\u00fcp Kadir \u0130nan, &#8220;T\u00fcrkiye\u2019nin en pahal\u0131 suyunu kim \u00f6d\u00fcyor? Hepinizin cebinden \u00e7\u0131k\u0131yor, \u0130zmir\u2019de \u00f6deniyor. \u0130zmir\u2019de en pahal\u0131 suyu al\u0131yorsunuz, en y\u00fcksek \u00fccreti \u00f6d\u00fcyorsunuz; peki neden i\u00e7me suyunda gereken altyap\u0131y\u0131 yapm\u0131yorsunuz? Neden \u00fczerinize d\u00fc\u015fen sorumlulu\u011fu yerine getirmiyorsunuz? \u00c7\u00fcnk\u00fc beceriksizler. Bu i\u015fi bilmiyorlar. 25 sene boyunca yan gelip yatt\u0131lar, \u015fimdi yumurta kap\u0131ya gelince \u2018engelleniyoruz\u2019 diyorlar. Ge\u00e7in bu i\u015fleri. AK Parti kadrolar\u0131 olarak, il ba\u015fkan\u0131m\u0131zla ve milletvekillerimizle birlikte bu \u2018engelleniyoruz\u2019 yalanlar\u0131n\u0131 teker teker de\u015fifre edece\u011fiz&#8221; diye belirtti.<br \/>\n<br \/>\u0130nan, yerel y\u00f6netimin mazeretlerine y\u00f6nelik ele\u015ftirilerini s\u00fcrd\u00fcrerek, &#8220;\u0130zmirli hem\u015fehrilerimiz kimin yanl\u0131\u015f yapt\u0131\u011f\u0131n\u0131, kimin yalan s\u00f6yledi\u011fini, kimin do\u011fruyu ve hakikati konu\u015ftu\u011funu \u00e7ok iyi biliyor. Biz de bunu anlatmaya devam edece\u011fiz. Kar\u015f\u0131yaka Stad\u0131 ile ilgili \u2018t\u0131kan\u0131yoruz\u2019 dediler; evrak\u0131 \u00f6nlerine koyup teslim eden biz olduk. Opera binas\u0131yla ilgili s\u00f6zde t\u0131kan\u0131kl\u0131klar\u0131 dile getirdiler, onlar\u0131 da \u00e7\u00f6zen biz olduk&#8221; ifadelerini kulland\u0131.<\/p>\n<p>\u0130nan: &#8220;\u0130zmir\u2019in arka sokaklar\u0131nda ya\u015fayan kad\u0131nlar ve \u00e7ocuklar i\u00e7in ne yapt\u0131n\u0131z&#8221;<br \/>\n<br \/>Belediye kaynaklar\u0131n\u0131n kullan\u0131m\u0131na ili\u015fkin sert tepki g\u00f6steren \u0130nan, &#8220;Mavi\u015fehir\u2019de, K\u00f6rfez\u2019in kenar\u0131nda, en y\u00fcksek oyu ald\u0131\u011f\u0131n\u0131z zengin mahallelere 2 milyar TL ay\u0131rarak opera binas\u0131 yapmay\u0131 biliyorsunuz. Peki Bayrakl\u0131 Cengizhan\u2019daki \u00e7ocuklar i\u00e7in ne yapt\u0131n\u0131z? Limontepe\u2019deki \u00e7ocuklar i\u00e7in ne yapt\u0131n\u0131z? Konak Kadifekale\u2019de ya\u015fayan \u00e7ocuklar i\u00e7in, Karaba\u011flar\u2019daki \u00e7ocuklar i\u00e7in ne yapt\u0131n\u0131z? Buca\u2019n\u0131n arka sokaklar\u0131nda, \u0130zmir\u2019in arka sokaklar\u0131nda ya\u015fayan kad\u0131nlar ve \u00e7ocuklar i\u00e7in ne yapt\u0131n\u0131z? Hi\u00e7bir \u015fey. Paralar\u0131 nereye transfer ettiklerini g\u00f6r\u00fcn. Yaz\u0131n \u0130zmir\u2019i ve \u0130zmir\u2019in \u00e7ocuklar\u0131n\u0131 susuz b\u0131rak\u0131yorlar. Biz i\u015fte bu anlay\u0131\u015fla m\u00fccadele ediyoruz&#8221; \u015feklinde konu\u015ftu.<\/p>\n<p>&#8220;Sesimiz bu kadar g\u00fcr \u00e7\u0131k\u0131yorsa, ak kad\u0131nlar\u0131m\u0131z\u0131n deste\u011fi sayesindedir&#8221;<br \/>\n<br \/>Toplant\u0131daki konu\u015fmas\u0131n\u0131n son b\u00f6l\u00fcm\u00fcnde te\u015fkilat \u00e7al\u0131\u015fmalar\u0131na ve CHP y\u00f6netimine de\u011finen \u0130nan, &#8220;Bu anlay\u0131\u015f\u0131 2024\u2019te Ceyda Han\u0131m ve Hamza Bey anlatmaya \u00e7al\u0131\u015ft\u0131, takdir b\u00f6yle oldu; ama biz daha fazla anlataca\u011f\u0131z. Kap\u0131 kap\u0131, sokak sokak \u00e7al\u0131\u015faca\u011f\u0131z ve \u015fehri geriye g\u00f6t\u00fcren bu anlay\u0131\u015ftan \u0130zmir\u2019i kurtaraca\u011f\u0131z. \u00d6zg\u00fcr \u00d6zel ve arkada\u015flar\u0131 \u0130zmir\u2019e d\u00fc\u011f\u00fcne gelip gidebilir; ama biz milletvekillerimizle birlikte \u0130zmir\u2019in sokaklar\u0131na geliyoruz, sorunlar\u0131 \u00e7\u00f6zmek i\u00e7in geliyoruz. G\u00fcc\u00fcm\u00fcz\u00fc \u0130zmir\u2019in sokaklar\u0131ndan al\u0131yoruz. Unutmay\u0131n, siz olmasan\u0131z, bu te\u015fkilatlar olmasa bizim hi\u00e7bir anlam\u0131m\u0131z yok. Sesimiz bu kadar g\u00fcr \u00e7\u0131k\u0131yorsa, ak kad\u0131nlar\u0131m\u0131z\u0131n deste\u011fi ve ak dava arkada\u015flar\u0131m\u0131z\u0131n hay\u0131r duas\u0131 sayesindedir. En k\u0131sa zamanda genel ba\u015fkan\u0131m\u0131za ve cumhurba\u015fkan\u0131m\u0131za buradaki bu enerjik ve dinamik tabloyu, zorluklara g\u00f6\u011f\u00fcs gererek Cumhurba\u015fkan\u0131m\u0131z Recep Tayyip Erdo\u011fan\u2019\u0131n davas\u0131n\u0131 sokak sokak anlatan t\u00fcm ablalar\u0131m\u0131z\u0131n \u00e7al\u0131\u015fmalar\u0131n\u0131 aktaraca\u011f\u0131m\u0131zdan emin olun&#8221; diye ekledi.<\/p>\n<p>Sayg\u0131l\u0131: &#8220;Kad\u0131n Kollar\u0131m\u0131z, AK Parti siyasetinin mayas\u0131d\u0131r&#8221;<br \/>\n<br \/>AK Parti \u0130zmir \u0130l Ba\u015fkan\u0131 Bilal Sayg\u0131l\u0131, parti te\u015fkilat\u0131n\u0131n \u00e7al\u0131\u015fmalar\u0131 ve kad\u0131nlar\u0131n siyasetteki rol\u00fcne ili\u015fkin a\u00e7\u0131klamalarda bulundu. Kad\u0131n Kollar\u0131n\u0131n \u00f6nemine dikkat \u00e7eken Sayg\u0131l\u0131, &#8220;Kad\u0131n Kollar\u0131m\u0131z, AK Parti siyasetinin mayas\u0131d\u0131r. Bu mayada analar\u0131n duas\u0131 vard\u0131r. Bu mayada Cumhurba\u015fkan\u0131m\u0131z Recep Tayyip Erdo\u011fan\u2019\u0131n milletten ald\u0131\u011f\u0131 g\u00fc\u00e7le \u00e7izdi\u011fi istikametin s\u0131rr\u0131 vard\u0131r. Kad\u0131n Kollar\u0131m\u0131z, \u0130zmir\u2019in her bir hanesine ula\u015fan, sokaklar, caddeleri ar\u015f\u0131nlayan, Cumhurba\u015fkan\u0131m\u0131z\u0131n, Genel Ba\u015fkan\u0131m\u0131z\u0131n selam\u0131n\u0131 g\u00f6n\u00fcllere ta\u015f\u0131yan bir fedakarl\u0131k hareketidir.&#8221; s\u00f6zlerini kulland\u0131.<\/p>\n<p>\u00c7ank\u0131r\u0131: &#8220;AK Parti\u2019de kad\u0131n kollar\u0131 destek birimi de\u011fil, karar s\u00fcre\u00e7lerinin asli par\u00e7as\u0131d\u0131r&#8221;<br \/>\n<br \/>AK Parti \u0130zmir Milletvekili Ceyda B\u00f6l\u00fcnmez \u00c7ank\u0131r\u0131, partisinin kad\u0131n kollar\u0131 te\u015fkilat\u0131n\u0131n siyasetteki \u00f6nemine ve \u0130zmir\u2019deki siyasi atmosfere ili\u015fkin a\u00e7\u0131klamalarda bulundu. AK Parti\u2019nin ba\u015far\u0131s\u0131nda kad\u0131nlar\u0131n b\u00fcy\u00fck rol\u00fc oldu\u011funu vurgulayan \u00c7ank\u0131r\u0131, &#8220;AK Parti\u2019nin ba\u015far\u0131s\u0131n\u0131n arkas\u0131nda; sessiz ama g\u00fc\u00e7l\u00fc bir emek, sab\u0131rl\u0131 ama kararl\u0131 bir duru\u015f vard\u0131r. \u0130\u015fte bu duru\u015fun ad\u0131, AK Parti Kad\u0131n Kollar\u0131d\u0131r. Biz siyaseti; sadece k\u00fcrs\u00fclerden de\u011fil, sadece sosyal medyadan de\u011fil, sahan\u0131n ger\u00e7eklerinden okuyan bir hareketiz. Kad\u0131n kollar\u0131m\u0131z; mahallenin nabz\u0131n\u0131 tutar, evin derdini bilir, \u00e7ocu\u011fun, ya\u015fl\u0131n\u0131n, gencin ne ya\u015fad\u0131\u011f\u0131n\u0131 g\u00f6r\u00fcr. O y\u00fczden AK Parti\u2019de kad\u0131n kollar\u0131 destek birimi de\u011fil, karar s\u00fcre\u00e7lerinin asli par\u00e7as\u0131d\u0131r&#8221; ifadelerini kulland\u0131.<br \/><\/p>\n","protected":false},"excerpt":{"rendered":"<p>AK Parti \u0130zmir \u0130l Ba\u015fkanl\u0131\u011f\u0131\u2019nda ger\u00e7ekle\u015ftirilen \u0130l Kad\u0131n Kollar\u0131 Dan\u0131\u015fma Meclisi Toplant\u0131s\u0131\u2019nda konu\u015fan AK Parti Genel Sekreteri ve \u0130zmir Milletvekili Eyy\u00fcp Kadir \u0130nan, &#8220;25 sene boyunca yan gelip yatt\u0131lar, \u015fimdi yumurta kap\u0131ya gelince \u2018engelleniyoruz\u2019 diyorlar. \u00d6zg\u00fcr \u00d6zel ve arkada\u015flar\u0131 \u0130zmir\u2019e d\u00fc\u011f\u00fcne gelip gidebilir ama biz milletvekillerimizle birlikte \u0130zmir\u2019in sokaklar\u0131na geliyoruz, sorunlar\u0131 \u00e7\u00f6zmek i\u00e7in geliyoruz&#8221; dedi&#8230;.<\/p>\n","protected":false},"author":1,"featured_media":81009,"comment_status":"open","ping_status":"open","sticky":false,"template":"","format":"standard","meta":{"_crdt_document":"","footnotes":""},"categories":[1],"tags":[],"class_list":["post-81008","post","type-post","status-publish","format-standard","has-post-thumbnail","hentry","category-guncel"],"_links":{"self":[{"href":"https:\/\/www.egemtv.com\/index.php?rest_route=\/wp\/v2\/posts\/81008","targetHints":{"allow":["GET"]}}],"collection":[{"href":"https:\/\/www.egemtv.com\/index.php?rest_route=\/wp\/v2\/posts"}],"about":[{"href":"https:\/\/www.egemtv.com\/index.php?rest_route=\/wp\/v2\/types\/post"}],"author":[{"embeddable":true,"href":"https:\/\/www.egemtv.com\/index.php?rest_route=\/wp\/v2\/users\/1"}],"replies":[{"embeddable":true,"href":"https:\/\/www.egemtv.com\/index.php?rest_route=%2Fwp%2Fv2%2Fcomments&post=81008"}],"version-history":[{"count":1,"href":"https:\/\/www.egemtv.com\/index.php?rest_route=\/wp\/v2\/posts\/81008\/revisions"}],"predecessor-version":[{"id":81010,"href":"https:\/\/www.egemtv.com\/index.php?rest_route=\/wp\/v2\/posts\/81008\/revisions\/81010"}],"wp:featuredmedia":[{"embeddable":true,"href":"https:\/\/www.egemtv.com\/index.php?rest_route=\/wp\/v2\/media\/81009"}],"wp:attachment":[{"href":"https:\/\/www.egemtv.com\/index.php?rest_route=%2Fwp%2Fv2%2Fmedia&parent=81008"}],"wp:term":[{"taxonomy":"category","embeddable":true,"href":"https:\/\/www.egemtv.com\/index.php?rest_route=%2Fwp%2Fv2%2Fcategories&post=81008"},{"taxonomy":"post_tag","embeddable":true,"href":"https:\/\/www.egemtv.com\/index.php?rest_route=%2Fwp%2Fv2%2Ftags&post=81008"}],"curies":[{"name":"wp","href":"https:\/\/api.w.org\/{rel}","templated":true}]}}