{"id":81005,"date":"2026-01-15T16:35:01","date_gmt":"2026-01-15T13:35:01","guid":{"rendered":"https:\/\/www.egemtv.com\/?p=81005"},"modified":"2026-01-15T16:35:02","modified_gmt":"2026-01-15T13:35:02","slug":"karne-oncesi-sarigollu-ogrenci-manisa-sampiyonu-oldu","status":"publish","type":"post","link":"https:\/\/www.egemtv.com\/?p=81005","title":{"rendered":"Karne \u00f6ncesi Sar\u0131g\u00f6ll\u00fc \u00f6\u011frenci Manisa \u015fampiyonu oldu"},"content":{"rendered":"<p>Manisa\u2019da d\u00fczenlenen okullar aras\u0131 y\u00fczme m\u00fcsabakalar\u0131nda Sar\u0131g\u00f6l \u015eehit Esin Akay Ortaokulu \u00f6\u011frencisi Yi\u011fit Alp Ko\u015faraslan, \u00fc\u00e7 bran\u015fta il birincili\u011fi, bir bran\u015fta il ikincili\u011fi elde ederek karne \u00f6ncesi okuluna ve il\u00e7esine b\u00fcy\u00fck gurur ya\u015fatt\u0131.<br \/>\n<br \/>Manisa\u2019da 13-14 Ocak tarihleri aras\u0131nda d\u00fczenlenen okullar aras\u0131 y\u00fczme m\u00fcsabakalar\u0131nda Sar\u0131g\u00f6l \u015eehit Esin Akay Ortaokulu \u00f6\u011frencisi Yi\u011fit Alp Ko\u015faraslan, elde etti\u011fi derecelerle hem okulunu hem de il\u00e7esini gururland\u0131rd\u0131.<br \/>\n<br \/>Sar\u0131g\u00f6l \u015eehit Esin Akay Ortaokulu 8. s\u0131n\u0131f \u00f6\u011frencisi olan Yi\u011fit Alp Ko\u015faraslan, yar\u0131\u015fmalarda 50 metre kurba\u011falama, 50 metre kelebek ve 100 metre kurba\u011falama bran\u015flar\u0131nda il birincisi olurken, 50 metre serbest y\u00fczme dal\u0131nda ise il ikincili\u011fini elde etti. Karne \u00f6ncesi gelen bu \u00f6nemli ba\u015far\u0131, Sar\u0131g\u00f6l\u2019de ve okulunda b\u00fcy\u00fck sevin\u00e7 ya\u015fatt\u0131.<br \/>\n<br \/>Okul M\u00fcd\u00fcr\u00fc Kaz\u0131m Ceylan, \u00f6\u011frencisinin ba\u015far\u0131s\u0131ndan duydu\u011fu memnuniyeti dile getirerek, &#8220;\u00d6\u011frencimiz \u00fc\u00e7 dalda il birincisi, bir dalda ise il ikincisi oldu. Kendisini tebrik ediyor, ba\u015far\u0131lar\u0131n\u0131n devam\u0131n\u0131 diliyorum. Karne \u00f6ncesi okulumuza b\u00fcy\u00fck bir sevin\u00e7 ya\u015fatt\u0131&#8221; dedi.<br \/><\/p>\n","protected":false},"excerpt":{"rendered":"<p>Manisa\u2019da d\u00fczenlenen okullar aras\u0131 y\u00fczme m\u00fcsabakalar\u0131nda Sar\u0131g\u00f6l \u015eehit Esin Akay Ortaokulu \u00f6\u011frencisi Yi\u011fit Alp Ko\u015faraslan, \u00fc\u00e7 bran\u015fta il birincili\u011fi, bir bran\u015fta il ikincili\u011fi elde ederek karne \u00f6ncesi okuluna ve il\u00e7esine b\u00fcy\u00fck gurur ya\u015fatt\u0131. Manisa\u2019da 13-14 Ocak tarihleri aras\u0131nda d\u00fczenlenen okullar aras\u0131 y\u00fczme m\u00fcsabakalar\u0131nda Sar\u0131g\u00f6l \u015eehit Esin Akay Ortaokulu \u00f6\u011frencisi Yi\u011fit Alp Ko\u015faraslan, elde etti\u011fi derecelerle&#8230;<\/p>\n","protected":false},"author":1,"featured_media":81006,"comment_status":"open","ping_status":"open","sticky":false,"template":"","format":"standard","meta":{"_crdt_document":"","footnotes":""},"categories":[4],"tags":[],"class_list":["post-81005","post","type-post","status-publish","format-standard","has-post-thumbnail","hentry","category-spor"],"_links":{"self":[{"href":"https:\/\/www.egemtv.com\/index.php?rest_route=\/wp\/v2\/posts\/81005","targetHints":{"allow":["GET"]}}],"collection":[{"href":"https:\/\/www.egemtv.com\/index.php?rest_route=\/wp\/v2\/posts"}],"about":[{"href":"https:\/\/www.egemtv.com\/index.php?rest_route=\/wp\/v2\/types\/post"}],"author":[{"embeddable":true,"href":"https:\/\/www.egemtv.com\/index.php?rest_route=\/wp\/v2\/users\/1"}],"replies":[{"embeddable":true,"href":"https:\/\/www.egemtv.com\/index.php?rest_route=%2Fwp%2Fv2%2Fcomments&post=81005"}],"version-history":[{"count":1,"href":"https:\/\/www.egemtv.com\/index.php?rest_route=\/wp\/v2\/posts\/81005\/revisions"}],"predecessor-version":[{"id":81007,"href":"https:\/\/www.egemtv.com\/index.php?rest_route=\/wp\/v2\/posts\/81005\/revisions\/81007"}],"wp:featuredmedia":[{"embeddable":true,"href":"https:\/\/www.egemtv.com\/index.php?rest_route=\/wp\/v2\/media\/81006"}],"wp:attachment":[{"href":"https:\/\/www.egemtv.com\/index.php?rest_route=%2Fwp%2Fv2%2Fmedia&parent=81005"}],"wp:term":[{"taxonomy":"category","embeddable":true,"href":"https:\/\/www.egemtv.com\/index.php?rest_route=%2Fwp%2Fv2%2Fcategories&post=81005"},{"taxonomy":"post_tag","embeddable":true,"href":"https:\/\/www.egemtv.com\/index.php?rest_route=%2Fwp%2Fv2%2Ftags&post=81005"}],"curies":[{"name":"wp","href":"https:\/\/api.w.org\/{rel}","templated":true}]}}