{"id":81002,"date":"2026-01-15T16:15:38","date_gmt":"2026-01-15T13:15:38","guid":{"rendered":"https:\/\/www.egemtv.com\/?p=81002"},"modified":"2026-01-15T16:15:39","modified_gmt":"2026-01-15T13:15:39","slug":"egekent-karaman-gunesli-gunler-cocuk-gelisim-merkezinin-temel-atma-toreni-duzenlendi","status":"publish","type":"post","link":"https:\/\/www.egemtv.com\/?p=81002","title":{"rendered":"Egekent Karaman G\u00fcne\u015fli G\u00fcnler \u00c7ocuk Geli\u015fim Merkezinin temel atma t\u00f6reni d\u00fczenlendi"},"content":{"rendered":"<p>\u00d6zel Denizli Egekent Hastanesi Y\u00f6netim Kurulu Ba\u015fkan\u0131 Mustafa \u00dcstek\u2019in Denizli B\u00fcy\u00fck\u015fehir Belediyesi i\u015f birli\u011finde Merkezefendi Mahallesine kazand\u0131racak oldu\u011fu  Egekent Karaman G\u00fcne\u015fli G\u00fcnler \u00c7ocuk Geli\u015fim Merkezi i\u00e7in temel atma t\u00f6reni ger\u00e7ekle\u015ftirildi.<\/p>\n<p>Denizli B\u00fcy\u00fck\u015fehir Belediyesi ile \u00d6zel Denizli Egekent Hastanesi Y\u00f6netim Kurulu Ba\u015fkan\u0131 Mustafa \u00dcstek\u2019in i\u015f birli\u011finde Merkezefendi Mahallesi\u2019nde in\u015fa edilecek olan Egekent Karaman G\u00fcne\u015fli G\u00fcnler \u00c7ocuk Geli\u015fim Merkezi\u2019nin temel atma t\u00f6reni d\u00fczenlendi. T\u00f6rene Denizli B\u00fcy\u00fck\u015fehir Belediye Ba\u015fkan\u0131 B\u00fclent Nuri \u00c7avu\u015fo\u011flu, Beya\u011fa\u00e7 Belediye Ba\u015fkan\u0131 Sazayi P\u00fcy\u00fcn, Merkezefendi Belediye Ba\u015fkan\u0131 \u015eeniz Do\u011fan, \u00d6zel Denizli Egekent Hastanesi Y\u00f6netim Kurulu Ba\u015fkan\u0131 Mustafa \u00dcstek ve \u00dcstek aile \u00fcyeleri mahalle muhtarlar\u0131, davetliler ve \u00e7ok say\u0131da vatanda\u015f kat\u0131ld\u0131.<\/p>\n<p>T\u00f6rende konu\u015fan Denizli B\u00fcy\u00fck\u015fehir Belediye Ba\u015fkan\u0131 B\u00fclent Nuri \u00c7avu\u015fo\u011flu, hay\u0131rsever i\u015f insan\u0131 Mustafa \u00dcstek ve ailesine te\u015fekk\u00fcr ederek, &#8220;Kazand\u0131\u011f\u0131n\u0131 ya\u015fad\u0131\u011f\u0131 \u015fehre harcayabilmek en b\u00fcy\u00fck erdemdir. Gelece\u011fe umutla bakan nesiller i\u00e7in yap\u0131lan her fedak\u00e2rl\u0131k, bu \u015fehrin yar\u0131nlar\u0131na yap\u0131lan bir yat\u0131r\u0131md\u0131r&#8221; dedi. Kad\u0131nlar\u0131n i\u015f hayat\u0131na kat\u0131l\u0131m\u0131n\u0131n \u00f6nemine vurgu yapan Ba\u015fkan B\u00fclent Nuri \u00c7avu\u015fo\u011flu, &#8220;Kad\u0131nlar\u0131m\u0131z\u0131n \u00f6zg\u00fcrce \u00e7al\u0131\u015fabildi\u011fi, \u00e7ocuklar\u0131n\u0131n g\u00fcvende oldu\u011funu bildi\u011fi bir \u015fehir in\u015fa etmek en temel g\u00f6revlerimizden biridir. \u00c7\u00fcnk\u00fc kad\u0131nlar\u0131n ve annelerin mutlu olmad\u0131\u011f\u0131 bir \u015fehirde hi\u00e7bir i\u015fimiz d\u00fczg\u00fcn gitmez&#8221; ifadelerini kulland\u0131.<\/p>\n<p>G\u00fcne\u015fli G\u00fcnler\u2019in say\u0131s\u0131 8\u2019e \u00e7\u0131kacak<br \/>\n<br \/>G\u00f6reve geldiklerinden bu yana \u00e7ocuk geli\u015fim merkezlerinin say\u0131s\u0131n\u0131 art\u0131rd\u0131klar\u0131n\u0131 belirten Ba\u015fkan \u00c7avu\u015fo\u011flu, \u015fu an aktif olarak 6 merkezde yakla\u015f\u0131k 300 \u00e7ocu\u011fa hizmet verildi\u011fini, yeni merkezle birlikte 240 \u00e7ocuk ve 240 annenin daha desteklenece\u011fini s\u00f6yledi. Ba\u015fkan \u00c7avu\u015fo\u011flu, 2026 y\u0131l\u0131 sonuna kadar \u00e7ocuk geli\u015fim merkezi say\u0131s\u0131n\u0131 8\u2019e \u00e7\u0131karacaklar\u0131n\u0131 da m\u00fcjdeledi.<\/p>\n<p>\u00dcstek: &#8220;\u015eehrimize hizmet etmekten gurur duyuyoruz&#8221;lan<br \/>\n<br \/>Hay\u0131rsever i\u015f insan\u0131 Mustafa \u00dcstek ise yapt\u0131\u011f\u0131 konu\u015fmada, &#8220;B\u00f6ylesine anlaml\u0131 bir eserin yap\u0131m\u0131na vesile olmaktan b\u00fcy\u00fck mutluluk duyuyoruz. Temennimiz, bu yat\u0131r\u0131m\u0131n en k\u0131sa s\u00fcrede tamamlanarak halk\u0131m\u0131z\u0131n hizmetine sunulmas\u0131d\u0131r&#8221; ifadelerini kulland\u0131. Konu\u015fmalar\u0131n ard\u0131ndan Ba\u015fkan \u00c7avu\u015fo\u011flu taraf\u0131ndan Mustafa \u00dcstek\u2019e plaket takdim edildi. Yap\u0131lan dualar\u0131n ard\u0131ndan protokol \u00fcyeleri butona basarak merkezin temelini att\u0131.<\/p>\n<p>Egekent Karaman G\u00fcne\u015fli G\u00fcnler \u00c7ocuk Geli\u015fim Merkezi<br \/>\n<br \/>Bodrum, zemin ve birinci kattan olu\u015fan \u00fc\u00e7 katl\u0131 yap\u0131, toplam 1.666 metrekarelik alanda hizmet verecek. Merkezde 11 s\u0131n\u0131f, oyun odas\u0131, etkinlik salonu, yemekhane, \u00f6\u011fretmenler odas\u0131 ve teknik birimler yer alacak. \u00c7ocuklar\u0131n zihinsel, sosyal ve fiziksel geli\u015fimini destekleyecek \u015fekilde tasarlanan proje, Denizli B\u00fcy\u00fck\u015fehir Belediye Ba\u015fkan\u0131 B\u00fclent Nuri \u00c7avu\u015fo\u011flu ile i\u015f insan\u0131 Mustafa \u00dcstek aras\u0131nda imzalanan i\u015f birli\u011fi protokol\u00fc kapsam\u0131nda hayata ge\u00e7iriliyor.<br \/><\/p>\n","protected":false},"excerpt":{"rendered":"<p>\u00d6zel Denizli Egekent Hastanesi Y\u00f6netim Kurulu Ba\u015fkan\u0131 Mustafa \u00dcstek\u2019in Denizli B\u00fcy\u00fck\u015fehir Belediyesi i\u015f birli\u011finde Merkezefendi Mahallesine kazand\u0131racak oldu\u011fu Egekent Karaman G\u00fcne\u015fli G\u00fcnler \u00c7ocuk Geli\u015fim Merkezi i\u00e7in temel atma t\u00f6reni ger\u00e7ekle\u015ftirildi. Denizli B\u00fcy\u00fck\u015fehir Belediyesi ile \u00d6zel Denizli Egekent Hastanesi Y\u00f6netim Kurulu Ba\u015fkan\u0131 Mustafa \u00dcstek\u2019in i\u015f birli\u011finde Merkezefendi Mahallesi\u2019nde in\u015fa edilecek olan Egekent Karaman G\u00fcne\u015fli G\u00fcnler \u00c7ocuk&#8230;<\/p>\n","protected":false},"author":1,"featured_media":81003,"comment_status":"open","ping_status":"open","sticky":false,"template":"","format":"standard","meta":{"_crdt_document":"","footnotes":""},"categories":[1],"tags":[],"class_list":["post-81002","post","type-post","status-publish","format-standard","has-post-thumbnail","hentry","category-guncel"],"_links":{"self":[{"href":"https:\/\/www.egemtv.com\/index.php?rest_route=\/wp\/v2\/posts\/81002","targetHints":{"allow":["GET"]}}],"collection":[{"href":"https:\/\/www.egemtv.com\/index.php?rest_route=\/wp\/v2\/posts"}],"about":[{"href":"https:\/\/www.egemtv.com\/index.php?rest_route=\/wp\/v2\/types\/post"}],"author":[{"embeddable":true,"href":"https:\/\/www.egemtv.com\/index.php?rest_route=\/wp\/v2\/users\/1"}],"replies":[{"embeddable":true,"href":"https:\/\/www.egemtv.com\/index.php?rest_route=%2Fwp%2Fv2%2Fcomments&post=81002"}],"version-history":[{"count":1,"href":"https:\/\/www.egemtv.com\/index.php?rest_route=\/wp\/v2\/posts\/81002\/revisions"}],"predecessor-version":[{"id":81004,"href":"https:\/\/www.egemtv.com\/index.php?rest_route=\/wp\/v2\/posts\/81002\/revisions\/81004"}],"wp:featuredmedia":[{"embeddable":true,"href":"https:\/\/www.egemtv.com\/index.php?rest_route=\/wp\/v2\/media\/81003"}],"wp:attachment":[{"href":"https:\/\/www.egemtv.com\/index.php?rest_route=%2Fwp%2Fv2%2Fmedia&parent=81002"}],"wp:term":[{"taxonomy":"category","embeddable":true,"href":"https:\/\/www.egemtv.com\/index.php?rest_route=%2Fwp%2Fv2%2Fcategories&post=81002"},{"taxonomy":"post_tag","embeddable":true,"href":"https:\/\/www.egemtv.com\/index.php?rest_route=%2Fwp%2Fv2%2Ftags&post=81002"}],"curies":[{"name":"wp","href":"https:\/\/api.w.org\/{rel}","templated":true}]}}