{"id":80999,"date":"2026-01-15T16:15:37","date_gmt":"2026-01-15T13:15:37","guid":{"rendered":"https:\/\/www.egemtv.com\/?p=80999"},"modified":"2026-01-15T16:15:38","modified_gmt":"2026-01-15T13:15:38","slug":"adm-ve-gdz-elektrik-dagitim-yonetiminde-bayrak-degisikligi","status":"publish","type":"post","link":"https:\/\/www.egemtv.com\/?p=80999","title":{"rendered":"ADM ve GDZ Elektrik Da\u011f\u0131t\u0131m y\u00f6netiminde bayrak de\u011fi\u015fikli\u011fi"},"content":{"rendered":"<p>ADM ve GDZ Elektrik\u2019te 2026 vizyonu do\u011frultusunda \u00fcst y\u00f6netimde bayrak de\u011fi\u015fimine gidilirken, ADM Elektrik Genel M\u00fcd\u00fcrl\u00fc\u011f\u00fc g\u00f6revine Emrah Kalkan, GDZ Elektrik Genel M\u00fcd\u00fcrl\u00fc\u011f\u00fc g\u00f6revine ise Ahmet Bayramo\u011flu atand\u0131.<br \/>\n<br \/>ADM ve GDZ Elektrik\u2019te \u00fcst y\u00f6netimde de\u011fi\u015fikli\u011fe gidildi. ADM Elektrik\u2019te Genel M\u00fcd\u00fcrl\u00fck g\u00f6revine Emrah Kalkan atan\u0131rken GDZ Elektrik Genel M\u00fcd\u00fcrl\u00fc\u011f\u00fc g\u00f6revine ise halihaz\u0131rda Aydem Enerji Da\u011f\u0131t\u0131m Grubu Y\u00f6netim Kurulu Ba\u015fkan Yard\u0131mc\u0131s\u0131 olarak g\u00f6rev yapan Ahmet Bayramo\u011flu getirildi. \u0130zmir, Manisa, Ayd\u0131n, Denizli ve Mu\u011fla illerinde 58 bin kilometrekarelik y\u00fcz\u00f6l\u00e7\u00fcm\u00fc \u00fczerinde yakla\u015f\u0131k 10 milyon n\u00fcfusa elektrik da\u011f\u0131t\u0131m hizmeti veren ADM ve GDZ Elektrik, 2026 vizyonu do\u011frultusunda \u00fcst d\u00fczey y\u00f6netim de\u011fi\u015fikliklerini hayata ge\u00e7irdi. Yeni atamalarla birlikte her iki \u015firket de g\u00fc\u00e7l\u00fc operasyonel yap\u0131s\u0131yla hizmetlerini kesintisiz \u015fekilde s\u00fcrd\u00fcrmeye devam ediyor.<br \/>\n<br \/>Enerji sekt\u00f6r\u00fcnde 20 y\u0131la yakla\u015fan deneyime sahip olan Emrah Kalkan, kariyeri boyunca elektrik da\u011f\u0131t\u0131m\u0131 alan\u0131nda farkl\u0131 g\u00f6revler \u00fcstlenerek operasyonel y\u00f6netimden teknoloji odakl\u0131 s\u00fcre\u00e7lere uzanan geni\u015f bir deneyim edindi. Kalkan, Aydem Enerji b\u00fcnyesinde ADM ve GDZ Elektrik Da\u011f\u0131t\u0131m \u015firketlerinde \u00e7e\u015fitli \u00fcst d\u00fczey sorumluluklar \u00fcstlendi.<br \/>\n<br \/>Enerji sekt\u00f6r\u00fcnde 20 y\u0131l\u0131 a\u015fan tecr\u00fcbeye sahip Ahmet Bayramo\u011flu ise Aydem Enerji b\u00fcnyesindeki elektrik da\u011f\u0131t\u0131m \u015firketlerinde hizmet kalitesinin art\u0131r\u0131lmas\u0131, s\u00fcrd\u00fcr\u00fclebilir ve kaliteli elektrik da\u011f\u0131t\u0131m hizmeti faaliyetlerinin hayata ge\u00e7irilmesi hedefiyle farkl\u0131 \u00fcst d\u00fczey sorumluluklar \u00fcstlendi. Bayramo\u011flu, son olarak ADM ve GDZ Elektrik Da\u011f\u0131t\u0131m\u2019da Y\u00f6netim Kurulu Ba\u015fkan Yard\u0131mc\u0131l\u0131\u011f\u0131 g\u00f6revini s\u00fcrd\u00fcr\u00fcyordu.<br \/>\n<br \/>Tecr\u00fcbeli isimler, yeni g\u00f6revlerinde ADM ve GDZ Elektrik\u2019in hizmet b\u00f6lgelerinde arz g\u00fcvenli\u011fini ve altyap\u0131 yat\u0131r\u0131mlar\u0131n\u0131 g\u00fc\u00e7lendirmenin yan\u0131 s\u0131ra &#8220;Hayat \u0130\u00e7in Enerji&#8221; anlay\u0131\u015f\u0131yla topluma dokunan ve ortak fayda \u00fcreten \u00e7al\u0131\u015fmalara liderlik edecek.<br \/><\/p>\n","protected":false},"excerpt":{"rendered":"<p>ADM ve GDZ Elektrik\u2019te 2026 vizyonu do\u011frultusunda \u00fcst y\u00f6netimde bayrak de\u011fi\u015fimine gidilirken, ADM Elektrik Genel M\u00fcd\u00fcrl\u00fc\u011f\u00fc g\u00f6revine Emrah Kalkan, GDZ Elektrik Genel M\u00fcd\u00fcrl\u00fc\u011f\u00fc g\u00f6revine ise Ahmet Bayramo\u011flu atand\u0131. ADM ve GDZ Elektrik\u2019te \u00fcst y\u00f6netimde de\u011fi\u015fikli\u011fe gidildi. ADM Elektrik\u2019te Genel M\u00fcd\u00fcrl\u00fck g\u00f6revine Emrah Kalkan atan\u0131rken GDZ Elektrik Genel M\u00fcd\u00fcrl\u00fc\u011f\u00fc g\u00f6revine ise halihaz\u0131rda Aydem Enerji Da\u011f\u0131t\u0131m Grubu&#8230;<\/p>\n","protected":false},"author":1,"featured_media":81000,"comment_status":"open","ping_status":"open","sticky":false,"template":"","format":"standard","meta":{"_crdt_document":"","footnotes":""},"categories":[1],"tags":[],"class_list":["post-80999","post","type-post","status-publish","format-standard","has-post-thumbnail","hentry","category-guncel"],"_links":{"self":[{"href":"https:\/\/www.egemtv.com\/index.php?rest_route=\/wp\/v2\/posts\/80999","targetHints":{"allow":["GET"]}}],"collection":[{"href":"https:\/\/www.egemtv.com\/index.php?rest_route=\/wp\/v2\/posts"}],"about":[{"href":"https:\/\/www.egemtv.com\/index.php?rest_route=\/wp\/v2\/types\/post"}],"author":[{"embeddable":true,"href":"https:\/\/www.egemtv.com\/index.php?rest_route=\/wp\/v2\/users\/1"}],"replies":[{"embeddable":true,"href":"https:\/\/www.egemtv.com\/index.php?rest_route=%2Fwp%2Fv2%2Fcomments&post=80999"}],"version-history":[{"count":1,"href":"https:\/\/www.egemtv.com\/index.php?rest_route=\/wp\/v2\/posts\/80999\/revisions"}],"predecessor-version":[{"id":81001,"href":"https:\/\/www.egemtv.com\/index.php?rest_route=\/wp\/v2\/posts\/80999\/revisions\/81001"}],"wp:featuredmedia":[{"embeddable":true,"href":"https:\/\/www.egemtv.com\/index.php?rest_route=\/wp\/v2\/media\/81000"}],"wp:attachment":[{"href":"https:\/\/www.egemtv.com\/index.php?rest_route=%2Fwp%2Fv2%2Fmedia&parent=80999"}],"wp:term":[{"taxonomy":"category","embeddable":true,"href":"https:\/\/www.egemtv.com\/index.php?rest_route=%2Fwp%2Fv2%2Fcategories&post=80999"},{"taxonomy":"post_tag","embeddable":true,"href":"https:\/\/www.egemtv.com\/index.php?rest_route=%2Fwp%2Fv2%2Ftags&post=80999"}],"curies":[{"name":"wp","href":"https:\/\/api.w.org\/{rel}","templated":true}]}}