{"id":80996,"date":"2026-01-15T16:15:36","date_gmt":"2026-01-15T13:15:36","guid":{"rendered":"https:\/\/www.egemtv.com\/?p=80996"},"modified":"2026-01-15T16:15:37","modified_gmt":"2026-01-15T13:15:37","slug":"sokede-kadina-yonelik-siddetle-mucadele-toplantisi-gerceklestirildi","status":"publish","type":"post","link":"https:\/\/www.egemtv.com\/?p=80996","title":{"rendered":"S\u00f6ke\u2019de Kad\u0131na Y\u00f6nelik \u015eiddetle M\u00fccadele toplant\u0131s\u0131 ger\u00e7ekle\u015ftirildi"},"content":{"rendered":"<p>Ayd\u0131n\u2019\u0131n S\u00f6ke il\u00e7esinde \u00e7ocuklar\u0131n korunmas\u0131 ve kad\u0131na y\u00f6nelik \u015fiddetle m\u00fccadele kapsam\u0131nda y\u00fcr\u00fct\u00fclen \u00e7al\u0131\u015fmalar\u0131n de\u011ferlendirilmesi amac\u0131yla \u00c7ocuk Koordinasyon Kurulu Toplant\u0131s\u0131 ile Kad\u0131na Y\u00f6nelik \u015eiddetle M\u00fccadele \u0130zleme ve De\u011ferlendirme Kurulu Toplant\u0131s\u0131 e\u015f zamanl\u0131 olarak ger\u00e7ekle\u015ftirildi.<\/p>\n<p>S\u00f6ke Kaymakam\u0131 Ali Ak\u00e7a\u2019n\u0131n ba\u015fkanl\u0131\u011f\u0131nda, S\u00f6ke Kaymakaml\u0131\u011f\u0131 Toplant\u0131 Salonu\u2019nda d\u00fczenlenen toplant\u0131ya; ilgili kurum temsilcileri, daire m\u00fcd\u00fcrleri ve kurul \u00fcyeleri kat\u0131l\u0131m sa\u011flad\u0131.<\/p>\n<p>Toplant\u0131da 5395 say\u0131l\u0131 \u00c7ocuk Koruma Kanunu ile 6284 say\u0131l\u0131 Ailenin Korunmas\u0131 ve Kad\u0131na Kar\u015f\u0131 \u015eiddetin \u00d6nlenmesine Dair Kanun kapsam\u0131nda y\u00fcr\u00fct\u00fclen koruyucu ve \u00f6nleyici tedbirler ele al\u0131nd\u0131. Kurumlar aras\u0131 koordinasyonun g\u00fc\u00e7lendirilmesi, sahada kar\u015f\u0131la\u015f\u0131lan sorunlar, vaka de\u011ferlendirmeleri ve \u00e7\u00f6z\u00fcm \u00f6nerileri masaya yat\u0131r\u0131ld\u0131.<\/p>\n<p>Kaymakam Ali Ak\u00e7a, \u00e7ocuklar\u0131n \u00fcst\u00fcn yarar\u0131n\u0131n korunmas\u0131 ve kad\u0131na y\u00f6nelik \u015fiddetle m\u00fccadelenin kararl\u0131l\u0131kla s\u00fcrd\u00fcr\u00fclmesi gerekti\u011fini vurgulayarak, t\u00fcm kurumlar\u0131n i\u015f birli\u011fi i\u00e7inde \u00e7al\u0131\u015fmas\u0131n\u0131n \u00f6nemine dikkat \u00e7ekti. Toplant\u0131, kar\u015f\u0131l\u0131kl\u0131 g\u00f6r\u00fc\u015f al\u0131\u015fveri\u015finin ard\u0131ndan al\u0131nan kararlarla sona erdi.<br \/><\/p>\n","protected":false},"excerpt":{"rendered":"<p>Ayd\u0131n\u2019\u0131n S\u00f6ke il\u00e7esinde \u00e7ocuklar\u0131n korunmas\u0131 ve kad\u0131na y\u00f6nelik \u015fiddetle m\u00fccadele kapsam\u0131nda y\u00fcr\u00fct\u00fclen \u00e7al\u0131\u015fmalar\u0131n de\u011ferlendirilmesi amac\u0131yla \u00c7ocuk Koordinasyon Kurulu Toplant\u0131s\u0131 ile Kad\u0131na Y\u00f6nelik \u015eiddetle M\u00fccadele \u0130zleme ve De\u011ferlendirme Kurulu Toplant\u0131s\u0131 e\u015f zamanl\u0131 olarak ger\u00e7ekle\u015ftirildi. S\u00f6ke Kaymakam\u0131 Ali Ak\u00e7a\u2019n\u0131n ba\u015fkanl\u0131\u011f\u0131nda, S\u00f6ke Kaymakaml\u0131\u011f\u0131 Toplant\u0131 Salonu\u2019nda d\u00fczenlenen toplant\u0131ya; ilgili kurum temsilcileri, daire m\u00fcd\u00fcrleri ve kurul \u00fcyeleri kat\u0131l\u0131m sa\u011flad\u0131. Toplant\u0131da&#8230;<\/p>\n","protected":false},"author":1,"featured_media":80997,"comment_status":"open","ping_status":"open","sticky":false,"template":"","format":"standard","meta":{"_crdt_document":"","footnotes":""},"categories":[1],"tags":[],"class_list":["post-80996","post","type-post","status-publish","format-standard","has-post-thumbnail","hentry","category-guncel"],"_links":{"self":[{"href":"https:\/\/www.egemtv.com\/index.php?rest_route=\/wp\/v2\/posts\/80996","targetHints":{"allow":["GET"]}}],"collection":[{"href":"https:\/\/www.egemtv.com\/index.php?rest_route=\/wp\/v2\/posts"}],"about":[{"href":"https:\/\/www.egemtv.com\/index.php?rest_route=\/wp\/v2\/types\/post"}],"author":[{"embeddable":true,"href":"https:\/\/www.egemtv.com\/index.php?rest_route=\/wp\/v2\/users\/1"}],"replies":[{"embeddable":true,"href":"https:\/\/www.egemtv.com\/index.php?rest_route=%2Fwp%2Fv2%2Fcomments&post=80996"}],"version-history":[{"count":1,"href":"https:\/\/www.egemtv.com\/index.php?rest_route=\/wp\/v2\/posts\/80996\/revisions"}],"predecessor-version":[{"id":80998,"href":"https:\/\/www.egemtv.com\/index.php?rest_route=\/wp\/v2\/posts\/80996\/revisions\/80998"}],"wp:featuredmedia":[{"embeddable":true,"href":"https:\/\/www.egemtv.com\/index.php?rest_route=\/wp\/v2\/media\/80997"}],"wp:attachment":[{"href":"https:\/\/www.egemtv.com\/index.php?rest_route=%2Fwp%2Fv2%2Fmedia&parent=80996"}],"wp:term":[{"taxonomy":"category","embeddable":true,"href":"https:\/\/www.egemtv.com\/index.php?rest_route=%2Fwp%2Fv2%2Fcategories&post=80996"},{"taxonomy":"post_tag","embeddable":true,"href":"https:\/\/www.egemtv.com\/index.php?rest_route=%2Fwp%2Fv2%2Ftags&post=80996"}],"curies":[{"name":"wp","href":"https:\/\/api.w.org\/{rel}","templated":true}]}}