{"id":80993,"date":"2026-01-15T15:54:53","date_gmt":"2026-01-15T12:54:53","guid":{"rendered":"https:\/\/www.egemtv.com\/?p=80993"},"modified":"2026-01-15T15:54:54","modified_gmt":"2026-01-15T12:54:54","slug":"aydinda-trafik-polisine-kaldirim-nobeti-mahkemeye-tasindi","status":"publish","type":"post","link":"https:\/\/www.egemtv.com\/?p=80993","title":{"rendered":"Ayd\u0131n\u2019da trafik polisine kald\u0131r\u0131m n\u00f6beti mahkemeye ta\u015f\u0131nd\u0131"},"content":{"rendered":"<p>Ayd\u0131n il Emniyet M\u00fcd\u00fcrl\u00fc\u011f\u00fc trafik \u015fubede g\u00f6revli bir polis memurunun, amirleri taraf\u0131ndan kald\u0131r\u0131m n\u00f6beti tutturulmas\u0131 olay\u0131 mahkemelik oldu. Polis memurunun kald\u0131r\u0131m n\u00f6beti tutarken \u00e7ekilen g\u00f6r\u00fcnt\u00fcleri \u00fczerine soru\u015fturma ba\u015flat\u0131ld\u0131\u011f\u0131 \u00f6\u011frenildi.<br \/>\n<br \/>Edinilen bilgiye g\u00f6re Ayd\u0131n \u0130l Emniyet M\u00fcd\u00fcrl\u00fc\u011f\u00fc Trafik \u015eubesi\u2019nde g\u00f6rev yapan F.\u00c7. isimli polis trafik polisi 09 Eyl\u00fcl 2024 tarihinde ba\u015fka bir \u015fubeye g\u00f6nderildi. Polis memuru F.\u00c7. ba\u015fka \u015fubeye g\u00f6nderilmesi gerek\u00e7esini ve Ayd\u0131n \u0130l Emniyet M\u00fcd\u00fcrl\u00fc\u011f\u00fc Trafik \u015eubesi\u2019nde ya\u015fanan usuls\u00fczl\u00fcklere ili\u015fkin bir dosya haz\u0131rlay\u0131p 11 A\u011fustos 2025 tarihinde \u0130\u00e7i\u015fleri Bakanl\u0131\u011f\u0131 Kolluk G\u00f6zetim Komisyonu\u2019na g\u00f6nderdi. G\u00f6revinden al\u0131n\u0131p ba\u015fka \u015fubeye s\u00fcr\u00fclme gerek\u00e7esinin \u00fcstlerinin usuls\u00fcz emirlerine uymamak oldu\u011funu ileri s\u00fcren F.\u00c7. 20 A\u011fustos 2025 tarihinde de g\u00f6rev yerine geri d\u00f6nmek i\u00e7in dava a\u00e7t\u0131. Mahkeme 11 Aral\u0131k 2025 tarihinde y\u00fcr\u00fctmenin durdurulmas\u0131na karar verip trafik polisi olan F.\u00c7.\u2019nin eski g\u00f6rev yerine \u00e7al\u0131\u015ft\u0131r\u0131lmas\u0131 y\u00f6n\u00fcnde karar verdi.<\/p>\n<p>Kald\u0131r\u0131m n\u00f6betine sevk edildi<br \/>\n<br \/>Karar\u0131n Ayd\u0131n \u0130l Emniyet M\u00fcd\u00fcrl\u00fc\u011f\u00fc\u2019ne ula\u015fmas\u0131n\u0131n ard\u0131ndan bu defa trafik polisi F.\u00c7.\u2019ye Mu\u011fla Bulvar\u0131 \u00dczeri R\u0131za Toprak Kav\u015fa\u011f\u0131 yak\u0131nlar\u0131ndaki kald\u0131r\u0131mda kald\u0131r\u0131m  n\u00f6beti verildi. Her g\u00fcn sabahtan ak\u015fama kadar tek ba\u015f\u0131na \u00fczerinde trafik yazan bir yelekle kald\u0131r\u0131mda y\u00fcr\u00fcyen polisi g\u00f6ren vatanda\u015flar durumu \u00f6\u011frenince sosyal medya \u00fczerinden mobbing g\u00f6ren polise destek \u00e7a\u011fr\u0131s\u0131 ba\u015flatt\u0131<br \/>\n<br \/>Olay\u0131n \u00fclke genelinde duyulmas\u0131 \u00fczerine, Kolluk Kuvvetleri Personeli Yard\u0131mla\u015fma ve Dayan\u0131\u015fma Derne\u011fi Kurucusu Vedat K\u0131l\u0131\u00e7er, polis memuru F.\u00c7.\u2019ye destek olmak i\u00e7in Ayd\u0131n\u2019a geldi. F.\u00c7.\u2019nin n\u00f6bet tuttu\u011fu kald\u0131r\u0131m \u00fczerinde a\u00e7\u0131klama yapan K\u0131l\u0131\u00e7er, ya\u015fanan\u0131n tamamen bir mobbing oldu\u011funu belirterek &#8220;Bu arkada\u015f\u0131m\u0131z\u0131 buraya cezaland\u0131rmak amac\u0131yla psikolojik bask\u0131 i\u00e7in buraya dikmi\u015fler. Destek olmak i\u00e7in Ankara\u2019dan buraya geldim&#8221; diye konu\u015ftu.<\/p>\n<p>&#8220;Yasaya ayk\u0131r\u0131 davranm\u0131yoruz&#8221;<br \/>\n<br \/>Olay\u0131n yasaya ayk\u0131r\u0131 bir durum olmad\u0131\u011f\u0131n\u0131 savunan Ayd\u0131n \u0130l Emniyet M\u00fcd\u00fcr\u00fc Arma\u011fan Adnan Erdo\u011fan, konuyla ilgili \u00f6n\u00fcm\u00fczdeki s\u00fcre\u00e7te resmi a\u00e7\u0131klama yap\u0131laca\u011f\u0131n\u0131 belirtti.<br \/>\n<br \/>Kolluk-Der Ba\u015fkan\u0131 Vedat K\u0131l\u0131\u00e7el, Ayd\u0131n\u2019\u0131n Efeler il\u00e7esine gelerek, mobbing ve bask\u0131 g\u00f6rd\u00fc\u011f\u00fc iddia edilen trafik polisi Fehmi \u00c7am\u2019a destek verdi. \u2018Bombac\u0131 M\u00fclayim\u2019 lakapl\u0131 Vedat K\u0131l\u0131\u00e7el, &#8220;Bu zorbal\u0131k son bulana kadar buraday\u0131z, gitmiyoruz&#8221; diyerek polis memuruna destek oldu.<\/p>\n<p>&#8220;Yasaya ayk\u0131r\u0131 emirleri yerine getirmedi&#8221;<br \/>\n<br \/>Polisin avukat\u0131 K\u00fcbra Herg\u00fcl, m\u00fcvekkilinin mobbinglere maruz kald\u0131\u011f\u0131n\u0131 bunun \u00fczerine dava a\u00e7t\u0131klar\u0131n\u0131 belirterek &#8220;Bu dava neticesi y\u00fcr\u00fctmenin durdurulmas\u0131na karar verildi. Dava neticesi g\u00f6revine iade edilmesi gerekirken adeta kald\u0131r\u0131m bek\u00e7isi gibi yeniden g\u00f6revlendirildi. Bu ya\u015fananlar vatanda\u015f\u0131n da dikkatini \u00e7ekmi\u015f ve bu durumu \u00e7ekip sosyal medyada haber payla\u015f\u0131m\u0131 yapan sitelere g\u00f6ndermi\u015fler. Bu olay herkesin dikkatini \u00e7ekti ve geni\u015f yank\u0131 uyand\u0131rd\u0131. Kimse bu polisin neden bu kald\u0131r\u0131mda g\u00fcnlerce bekletildi\u011fini a\u00e7\u0131klamad\u0131 demiyorum a\u00e7\u0131klayamad\u0131&#8221; diye konu\u015ftu.<br \/>\n<br \/>Ya\u015fanan s\u00fcre\u00e7te m\u00fcvekkilinin baz\u0131 amirlerinin kanuna ayk\u0131r\u0131 emirlerine yerine getirmeyip a\u00e7\u0131k\u00e7a reddetti\u011fini belirten Avukat K\u00fcbra Herg\u00fcl, bu konuda da baz\u0131 amirler hakk\u0131nda idari ve adli \u015fikayetlerini kulland\u0131klar\u0131n\u0131 s\u00f6yledi.<br \/><\/p>\n","protected":false},"excerpt":{"rendered":"<p>Ayd\u0131n il Emniyet M\u00fcd\u00fcrl\u00fc\u011f\u00fc trafik \u015fubede g\u00f6revli bir polis memurunun, amirleri taraf\u0131ndan kald\u0131r\u0131m n\u00f6beti tutturulmas\u0131 olay\u0131 mahkemelik oldu. Polis memurunun kald\u0131r\u0131m n\u00f6beti tutarken \u00e7ekilen g\u00f6r\u00fcnt\u00fcleri \u00fczerine soru\u015fturma ba\u015flat\u0131ld\u0131\u011f\u0131 \u00f6\u011frenildi. Edinilen bilgiye g\u00f6re Ayd\u0131n \u0130l Emniyet M\u00fcd\u00fcrl\u00fc\u011f\u00fc Trafik \u015eubesi\u2019nde g\u00f6rev yapan F.\u00c7. isimli polis trafik polisi 09 Eyl\u00fcl 2024 tarihinde ba\u015fka bir \u015fubeye g\u00f6nderildi. Polis memuru&#8230;<\/p>\n","protected":false},"author":1,"featured_media":80994,"comment_status":"open","ping_status":"open","sticky":false,"template":"","format":"standard","meta":{"_crdt_document":"","footnotes":""},"categories":[5],"tags":[],"class_list":["post-80993","post","type-post","status-publish","format-standard","has-post-thumbnail","hentry","category-asayis"],"_links":{"self":[{"href":"https:\/\/www.egemtv.com\/index.php?rest_route=\/wp\/v2\/posts\/80993","targetHints":{"allow":["GET"]}}],"collection":[{"href":"https:\/\/www.egemtv.com\/index.php?rest_route=\/wp\/v2\/posts"}],"about":[{"href":"https:\/\/www.egemtv.com\/index.php?rest_route=\/wp\/v2\/types\/post"}],"author":[{"embeddable":true,"href":"https:\/\/www.egemtv.com\/index.php?rest_route=\/wp\/v2\/users\/1"}],"replies":[{"embeddable":true,"href":"https:\/\/www.egemtv.com\/index.php?rest_route=%2Fwp%2Fv2%2Fcomments&post=80993"}],"version-history":[{"count":1,"href":"https:\/\/www.egemtv.com\/index.php?rest_route=\/wp\/v2\/posts\/80993\/revisions"}],"predecessor-version":[{"id":80995,"href":"https:\/\/www.egemtv.com\/index.php?rest_route=\/wp\/v2\/posts\/80993\/revisions\/80995"}],"wp:featuredmedia":[{"embeddable":true,"href":"https:\/\/www.egemtv.com\/index.php?rest_route=\/wp\/v2\/media\/80994"}],"wp:attachment":[{"href":"https:\/\/www.egemtv.com\/index.php?rest_route=%2Fwp%2Fv2%2Fmedia&parent=80993"}],"wp:term":[{"taxonomy":"category","embeddable":true,"href":"https:\/\/www.egemtv.com\/index.php?rest_route=%2Fwp%2Fv2%2Fcategories&post=80993"},{"taxonomy":"post_tag","embeddable":true,"href":"https:\/\/www.egemtv.com\/index.php?rest_route=%2Fwp%2Fv2%2Ftags&post=80993"}],"curies":[{"name":"wp","href":"https:\/\/api.w.org\/{rel}","templated":true}]}}