{"id":80990,"date":"2026-01-15T15:54:51","date_gmt":"2026-01-15T12:54:51","guid":{"rendered":"https:\/\/www.egemtv.com\/?p=80990"},"modified":"2026-01-15T15:54:52","modified_gmt":"2026-01-15T12:54:52","slug":"mugla-buyuksehir-belediyesi-yesil-alanlari-artiriyor","status":"publish","type":"post","link":"https:\/\/www.egemtv.com\/?p=80990","title":{"rendered":"Mu\u011fla B\u00fcy\u00fck\u015fehir Belediyesi ye\u015fil alanlar\u0131 art\u0131r\u0131yor"},"content":{"rendered":"<p>Kent genelinde ger\u00e7ekle\u015ftirilen d\u00fczenleme, bak\u0131m ve peyzaj \u00e7al\u0131\u015fmalar\u0131 kapsam\u0131nda 934 adet a\u011fa\u00e7 dikimi yap\u0131larak ye\u015fil alanlar g\u00fc\u00e7lendirildi. Yeni park ve ye\u015fil alanlar\u0131n kente kazand\u0131r\u0131lmas\u0131n\u0131n yan\u0131 s\u0131ra, mevcut alanlar\u0131n iyile\u015ftirilmesine de b\u00fcy\u00fck \u00f6nem veriliyor. Bu kapsamda, Cengiz Bekta\u015f Kent Belle\u011fi yan\u0131nda yeni park ve ye\u015fil alanlar Mu\u011fla\u2019ya kazand\u0131r\u0131l\u0131rken, Bodrum Liman Oyun Park\u0131, K\u0131\u015fla Park\u0131, Yal\u00e7\u0131n \u0130nan Park\u0131 ve Mu\u011flaspor Park\u0131nda ye\u015fil odakl\u0131 yenileme \u00e7al\u0131\u015fmalar\u0131 aral\u0131ks\u0131z s\u00fcrd\u00fcr\u00fcl\u00fcyor. Bunun yan\u0131 s\u0131ra il\u00e7elerden gelen taleplerle \u00e7ocuk oyun alanlar\u0131 ve peyzaj \u00e7al\u0131\u015fmalar\u0131 s\u00fcr\u00fcyor.<br \/>\n<br \/>Estetik g\u00f6r\u00fcn\u00fcm\u00fcyle g\u00fcvenli alanlar Mu\u011fla\u2019ya kazand\u0131r\u0131l\u0131yor<br \/>\n<br \/>\u00d6te yandan il\u00e7elerde ve kentin farkl\u0131 noktalar\u0131nda devam eden ve tamamlanan peyzaj \u00e7al\u0131\u015fmalar\u0131yla Mu\u011fla\u2019n\u0131n estetik g\u00f6r\u00fcn\u00fcm\u00fc g\u00fc\u00e7lendirilirken, vatanda\u015flar\u0131n g\u00fcvenle ve keyifle vakit ge\u00e7irebilece\u011fi alanlar olu\u015fturuluyor.<br \/>\n<br \/>Yap\u0131lan \u00e7al\u0131\u015fmalar yaln\u0131zca yeni ye\u015fil alanlar olu\u015fturmakla s\u0131n\u0131rl\u0131 kalm\u0131yor; mevcut do\u011fal dokunun korunmas\u0131 da \u00f6n planda tutuluyor. Bu do\u011frultuda, devrilme riski ta\u015f\u0131yan ve can ile mal g\u00fcvenli\u011fi a\u00e7\u0131s\u0131ndan tehlike olu\u015fturan 15 a\u011fa\u00e7, gerekli teknik incelemeler yap\u0131larak kontroll\u00fc \u015fekilde kald\u0131r\u0131ld\u0131. Ayr\u0131ca yol, altyap\u0131 ve benzeri kamu yap\u0131m \u00e7al\u0131\u015fmalar\u0131na engel te\u015fkil eden 130 a\u011fa\u00e7, zarar g\u00f6rmeden uygun alanlara ta\u015f\u0131narak yeniden toprakla bulu\u015fturuldu.<br \/>\n<br \/>Mu\u011fla B\u00fcy\u00fck\u015fehir Belediyesi ye\u015fili koruyarak, daha ayd\u0131nl\u0131k, daha g\u00fcvenli ve daha eri\u015filebilir parklar ile ye\u015fil alanlar olu\u015fturmaya devam ediyor. T\u00fcm uygulamalar, \u00e7evresel s\u00fcrd\u00fcr\u00fclebilirlik, ekolojik denge ve kamu g\u00fcvenli\u011fi ilkeleri do\u011frultusunda hayata ge\u00e7iriliyor.<br \/>\n<br \/>Mu\u011fla B\u00fcy\u00fck\u015fehir Belediyesi Tar\u0131msal Hizmetler Daire Ba\u015fkan\u0131 Buket Kallem, &#8220;Mu\u011flaspor Park\u0131 ve \u00e7evresi d\u00fczenleniyor. Toplam 3 bin metrekare gibi bir alanda bu projeyi yap\u0131yoruz. Mevcut alan\u0131m\u0131z\u0131 12 tane a\u011fac\u0131m\u0131z\u0131 koruyaca\u011f\u0131z. Ayn\u0131 zamanda da Pavlonya a\u011fac\u0131 da bu b\u00f6lgeye dikmi\u015f olaca\u011f\u0131z. Amac\u0131m\u0131z \u015fu, Mu\u011fla\u2019n\u0131n \u00e7ehresini, \u00e7evresini a\u011fac\u0131 koruyan projeler y\u00fcr\u00fctmeye devam ediyoruz. Bu b\u00f6lgede a\u011fa\u00e7land\u0131rma \u00e7al\u0131\u015fmalar\u0131m\u0131z daha fazla olacak. Ayn\u0131 zamanda a\u00e7\u0131k alanlar\u0131 \u00e7ok \u00f6nemsiyoruz. \u00c7\u00fcnk\u00fc g\u00fcvenli alanlar art\u0131k g\u00fcn\u00fcm\u00fczde \u00e7ok ihtiya\u00e7 olmaya ba\u015flad\u0131. Yine \u0131\u015f\u0131kland\u0131rma sistemlerimizi, g\u00fcvenlik sistemlerimizi buna g\u00f6re planl\u0131yoruz. Bu b\u00f6lgede ayn\u0131 zamanda Mu\u011fla mermeri de kullanaca\u011f\u0131z. Dolay\u0131s\u0131yla bizim Mu\u011fla\u2019m\u0131za ait yap\u0131y\u0131 b\u00fct\u00fcn parklar\u0131m\u0131zda korumu\u015f olaca\u011f\u0131z&#8221; dedi.<br \/>\n<br \/>K\u0131y\u0131 Ege Belediyeler Birli\u011fi ve Mu\u011fla B\u00fcy\u00fck\u015fehir Belediye Ba\u015fkan\u0131 Ahmet Aras, \u00e7evreye duyarl\u0131 belediyecilik anlay\u0131\u015f\u0131n\u0131 kararl\u0131l\u0131kla s\u00fcrd\u00fcrd\u00fcklerini belirtti. Ba\u015fkan Aras, Mu\u011fla genelinde ye\u015fil alanlar\u0131 yaln\u0131zca art\u0131rmakla kalmad\u0131klar\u0131n\u0131, ayn\u0131 zamanda daha nitelikli, g\u00fcvenli ve eri\u015filebilir hale getirdiklerini a\u00e7\u0131klad\u0131.<br \/><\/p>\n","protected":false},"excerpt":{"rendered":"<p>Kent genelinde ger\u00e7ekle\u015ftirilen d\u00fczenleme, bak\u0131m ve peyzaj \u00e7al\u0131\u015fmalar\u0131 kapsam\u0131nda 934 adet a\u011fa\u00e7 dikimi yap\u0131larak ye\u015fil alanlar g\u00fc\u00e7lendirildi. Yeni park ve ye\u015fil alanlar\u0131n kente kazand\u0131r\u0131lmas\u0131n\u0131n yan\u0131 s\u0131ra, mevcut alanlar\u0131n iyile\u015ftirilmesine de b\u00fcy\u00fck \u00f6nem veriliyor. Bu kapsamda, Cengiz Bekta\u015f Kent Belle\u011fi yan\u0131nda yeni park ve ye\u015fil alanlar Mu\u011fla\u2019ya kazand\u0131r\u0131l\u0131rken, Bodrum Liman Oyun Park\u0131, K\u0131\u015fla Park\u0131, Yal\u00e7\u0131n \u0130nan&#8230;<\/p>\n","protected":false},"author":1,"featured_media":80991,"comment_status":"open","ping_status":"open","sticky":false,"template":"","format":"standard","meta":{"_crdt_document":"","footnotes":""},"categories":[1],"tags":[],"class_list":["post-80990","post","type-post","status-publish","format-standard","has-post-thumbnail","hentry","category-guncel"],"_links":{"self":[{"href":"https:\/\/www.egemtv.com\/index.php?rest_route=\/wp\/v2\/posts\/80990","targetHints":{"allow":["GET"]}}],"collection":[{"href":"https:\/\/www.egemtv.com\/index.php?rest_route=\/wp\/v2\/posts"}],"about":[{"href":"https:\/\/www.egemtv.com\/index.php?rest_route=\/wp\/v2\/types\/post"}],"author":[{"embeddable":true,"href":"https:\/\/www.egemtv.com\/index.php?rest_route=\/wp\/v2\/users\/1"}],"replies":[{"embeddable":true,"href":"https:\/\/www.egemtv.com\/index.php?rest_route=%2Fwp%2Fv2%2Fcomments&post=80990"}],"version-history":[{"count":1,"href":"https:\/\/www.egemtv.com\/index.php?rest_route=\/wp\/v2\/posts\/80990\/revisions"}],"predecessor-version":[{"id":80992,"href":"https:\/\/www.egemtv.com\/index.php?rest_route=\/wp\/v2\/posts\/80990\/revisions\/80992"}],"wp:featuredmedia":[{"embeddable":true,"href":"https:\/\/www.egemtv.com\/index.php?rest_route=\/wp\/v2\/media\/80991"}],"wp:attachment":[{"href":"https:\/\/www.egemtv.com\/index.php?rest_route=%2Fwp%2Fv2%2Fmedia&parent=80990"}],"wp:term":[{"taxonomy":"category","embeddable":true,"href":"https:\/\/www.egemtv.com\/index.php?rest_route=%2Fwp%2Fv2%2Fcategories&post=80990"},{"taxonomy":"post_tag","embeddable":true,"href":"https:\/\/www.egemtv.com\/index.php?rest_route=%2Fwp%2Fv2%2Ftags&post=80990"}],"curies":[{"name":"wp","href":"https:\/\/api.w.org\/{rel}","templated":true}]}}