{"id":80987,"date":"2026-01-15T15:35:12","date_gmt":"2026-01-15T12:35:12","guid":{"rendered":"https:\/\/www.egemtv.com\/?p=80987"},"modified":"2026-01-15T15:35:13","modified_gmt":"2026-01-15T12:35:13","slug":"enerji-uretimi-istihdam-ve-kamu-yarari-birlikte-dusunulmeli","status":"publish","type":"post","link":"https:\/\/www.egemtv.com\/?p=80987","title":{"rendered":"&#8220;Enerji \u00fcretimi, istihdam ve kamu yarar\u0131 birlikte d\u00fc\u015f\u00fcn\u00fclmeli&#8221;"},"content":{"rendered":"<p>Mu\u011fla\u2019n\u0131n Milas \u0130l\u00e7esi\u2019nde faaliyet g\u00f6steren Yenik\u00f6y ve Kemerk\u00f6y termik santrallerinin \u00fcretimde s\u00fcreklili\u011fi, istihdam\u0131n korunmas\u0131 ve b\u00f6lgesel sosyal dengenin s\u00fcrd\u00fcr\u00fclmesi a\u00e7\u0131s\u0131ndan kritik \u00f6nem ta\u015f\u0131yor. TES-\u0130\u015e Yata\u011fan \u015eube Ba\u015fkan\u0131 Fatih Er\u00e7elik, &#8220;Yenik\u00f6y ve Kemerk\u00f6y santralleri, bu b\u00f6lgede binlerce insan\u0131n ekme\u011fi ve gelece\u011fi demek; \u00fcretimin devam\u0131 istihdam\u0131n ve sosyal huzurun g\u00fcvencesidir&#8221; dedi.<\/p>\n<p>Yenik\u00f6y Kemerk\u00f6y Enerji Genel M\u00fcd\u00fcr Yard\u0131mc\u0131s\u0131 Burak I\u015f\u0131k ve \u0130nsan Kaynaklar\u0131 ve \u0130dari \u0130\u015fler Direkt\u00f6r\u00fc Cafer Varol, TES-\u0130\u015e Sendikas\u0131 Yata\u011fan \u015eube Ba\u015fkan\u0131 Fatih Er\u00e7elik ile bir araya geldi. G\u00f6r\u00fc\u015fmede, Yenik\u00f6y ve Kemerk\u00f6y termik santrallerinin b\u00f6lge istihdam\u0131ndaki yeri, enerji arz g\u00fcvenli\u011fine sa\u011flad\u0131\u011f\u0131 katk\u0131 ve kamula\u015ft\u0131rma s\u00fcre\u00e7lerinin hukuki \u00e7er\u00e7evesi ele al\u0131nd\u0131. Santrallerin faaliyetlerinin, yaln\u0131zca enerji \u00fcretimi a\u00e7\u0131s\u0131ndan de\u011fil, Mu\u011fla\u2019n\u0131n Milas ve Yata\u011fan hatt\u0131nda ekonomik ve sosyal ya\u015fam\u0131n devaml\u0131l\u0131\u011f\u0131 a\u00e7\u0131s\u0131ndan da \u00f6nemli bir rol \u00fcstlendi\u011fi de\u011ferlendirildi.<br \/>\n<br \/>&#8220;\u0130stihdamda s\u00fcreklilik b\u00f6lgenin ortak meselesi&#8221;<br \/>\n<br \/>G\u00f6r\u00fc\u015fmede \u00f6ne \u00e7\u0131kan ba\u015fl\u0131klar aras\u0131nda, termik santrallerinin do\u011frudan ve dolayl\u0131 istihdam yoluyla b\u00f6lge ekonomisine sa\u011flad\u0131\u011f\u0131 katk\u0131lar yer ald\u0131. Santraller ve onlara ba\u011fl\u0131 faaliyet alanlar\u0131n\u0131n, Milas ve Yata\u011fan \u00e7evresinde binlerce ailenin ge\u00e7im kayna\u011f\u0131n\u0131 olu\u015fturdu\u011fu, bu nedenle \u00fcretimde s\u00fcreklili\u011fin yaln\u0131zca i\u015fletmeler i\u00e7in de\u011fil, b\u00f6lge halk\u0131 i\u00e7in de hayati oldu\u011fu ifade edildi.<br \/>\n<br \/>B\u00f6lgedeki santrallerin, 7 bin 500 i\u015f\u00e7i i\u00e7in ekmek kap\u0131s\u0131 oldu\u011funa ve ailelerin birlikte 35 bin ki\u015finin ge\u00e7imini sa\u011flad\u0131\u011f\u0131na dikkat \u00e7eken TES-\u0130\u015e Yata\u011fan \u015eube Ba\u015fkan\u0131 Fatih Er\u00e7elik, &#8220;Santraller i\u015fimiz, a\u015f\u0131m\u0131z ve \u00e7ocuklar\u0131m\u0131z\u0131n gelece\u011fidir. K\u00f6m\u00fcr temin edilemedi\u011fi takdirde santrallerde \u00fcretimin duraca\u011f\u0131n\u0131, \u00fcretim durunca \u00e7al\u0131\u015fanlara i\u015fsizlik ve a\u00e7l\u0131k dayat\u0131laca\u011f\u0131n\u0131z biliyoruz. Toplu i\u015f\u00e7i \u00e7\u0131karmalar\u0131n ya\u015fand\u0131\u011f\u0131 s\u00fcre\u00e7te hi\u00e7 kimseyi yan\u0131m\u0131zda g\u00f6remedik.  Ayr\u0131ca enerji \u00fcretimi \u00f6zel sekt\u00f6r\u00fcn elinde olsa bile bir kamu hizmetidir ve yerli k\u00f6m\u00fcrden enerji \u00fcretiminde kamu yarar\u0131 var. Santraller b\u00f6lgemiz ve \u00fclkemiz a\u00e7\u0131s\u0131ndan \u00e7ok b\u00fcy\u00fck \u00f6neme sahip. \u00c7evre \u00f6rg\u00fctlerinin ve muhalefetin t\u00fcm itirazlar\u0131na ra\u011fmen 24 Temmuz tarihinde y\u00fcr\u00fcrl\u00fc\u011fe giren Maden Yasas\u0131 kapsam\u0131nda, Cumhurba\u015fkan\u0131m\u0131z taraf\u0131ndan h\u0131zl\u0131 kamula\u015ft\u0131rma karar\u0131 al\u0131nd\u0131. Yine ayn\u0131 kesimler, sanki T\u00fcrkiye\u2019de ilk defa b\u00f6yle bir kamula\u015ft\u0131rma karar\u0131 al\u0131nm\u0131\u015f\u00e7as\u0131na ortal\u0131\u011f\u0131 aya\u011fa kald\u0131rmaya \u00e7al\u0131\u015f\u0131yor. \u0130\u015f\u00e7ilere de Avrupa\u2019n\u0131n dahi uygulayamad\u0131\u011f\u0131 adil ge\u00e7i\u015f sa\u00e7mal\u0131\u011f\u0131 dayat\u0131l\u0131yor.  TES-\u0130\u015e Yata\u011fan \u015fubesi olarak 3-5 \u00e7evrecinin de\u011fil, \u00fcyelerimizin ve b\u00f6lge halk\u0131m\u0131z\u0131n haklar\u0131 ve \u00e7\u0131karlar\u0131 do\u011frultusunda hareket edece\u011fimizin bilinmesini istiyoruz&#8221; dedi.<br \/>\n<br \/>&#8220;Kamula\u015ft\u0131rma s\u00fcrecinde, enerji \u00fcretiminin s\u00fcreklili\u011fi ve kamu yarar\u0131 g\u00f6zetiliyor&#8221;<br \/>\n<br \/>G\u00f6r\u00fc\u015fmede, enerji arz g\u00fcvenli\u011finin ulusal \u00f6l\u00e7ekte ta\u015f\u0131d\u0131\u011f\u0131 \u00f6nem de ele al\u0131nd\u0131. Yenik\u00f6y ve Kemerk\u00f6y termik santrallerinde kesintisiz \u00fcretiminin enerji arz g\u00fcvenli\u011finin yan\u0131 s\u0131ra b\u00f6lgedeki sanayi \u00fcretimindeki yerine dikkat \u00e7eken Yenik\u00f6y Kemerk\u00f6y Enerji Genel M\u00fcd\u00fcr Yard\u0131mc\u0131s\u0131 Burak I\u015f\u0131k, &#8220;\u015eirket olarak Milas ve Mu\u011fla\u2019da yaln\u0131z enerji \u00fcreten bir tesis de\u011fil, ayn\u0131 zamanda sanayi \u00fcretimiyle b\u00f6lgenin ekonomik ve sosyal yap\u0131s\u0131na katk\u0131 sunan bir \u015firket konumunday\u0131z. Bug\u00fcn T\u00fcrkiye\u2019nin en b\u00fcy\u00fck 143\u2019\u00fcnc\u00fc, Mu\u011fla\u2019n\u0131n ise 3\u2019\u00fcnc\u00fc b\u00fcy\u00fck sanayi kurulu\u015fu konumunday\u0131z. Sanayi yat\u0131r\u0131mlar\u0131n\u0131n s\u0131n\u0131rl\u0131 oldu\u011fu bir b\u00f6lgede, binlerce ki\u015fiye do\u011frudan ve dolayl\u0131 istihdam sa\u011flayan bu yap\u0131n\u0131n faaliyetlerini devam ettirmesi hem b\u00f6lge hem de \u00fclke ekonomisi a\u00e7\u0131s\u0131ndan b\u00fcy\u00fck \u00f6nem ta\u015f\u0131yor. Kamula\u015ft\u0131rma s\u00fcreci de bu \u00e7er\u00e7evede, \u00fcretimin s\u00fcreklili\u011fini ve istihdam\u0131n korunmas\u0131n\u0131 sa\u011flayacak teknik ve yasal bir gereklilik olarak ele al\u0131nmal\u0131d\u0131r. Y\u00fcr\u00fct\u00fclen kamula\u015ft\u0131rma s\u00fcre\u00e7leri, tamamen hukuki zeminde ve kamu yarar\u0131 esas al\u0131narak ger\u00e7ekle\u015ftiriliyor&#8221; dedi.<br \/>\n<br \/>Enerji arz g\u00fcvenli\u011fi i\u00e7in \u00fcretimde s\u00fcreklilik ve istihdam vurgusu yap\u0131ld\u0131<br \/>\n<br \/>Yenik\u00f6y Kemerk\u00f6y Enerji\u2019nin Milas ve Mu\u011fla\u2019da binlerce aile i\u00e7in do\u011frudan bir istihdam kap\u0131s\u0131 oldu\u011funu belirten \u0130nsan Kaynaklar\u0131 ve \u0130dari \u0130\u015fler Direkt\u00f6r\u00fc Cafer Varol ise &#8220;B\u00f6lgede, istikrarl\u0131 \u00fcretimin s\u00fcrmesi, yaln\u0131zca enerji arz\u0131 a\u00e7\u0131s\u0131ndan de\u011fil, \u00e7al\u0131\u015fanlar\u0131m\u0131z\u0131n i\u015f g\u00fcvencesi ve sahadaki i\u015f bar\u0131\u015f\u0131n\u0131n korunmas\u0131 a\u00e7\u0131s\u0131ndan da kritik \u00f6nemde. \u00dcretimin kesintiye u\u011framas\u0131, kadrolu \u00e7al\u0131\u015fanlar\u0131m\u0131z\u0131, alt y\u00fcklenici \u00e7al\u0131\u015fanlar\u0131m\u0131z\u0131 ve tedarik\u00e7ilerimize kadar geni\u015f bir zinciri maddi-manevi olumsuz etkileyecektir&#8221; dedi.<br \/><\/p>\n","protected":false},"excerpt":{"rendered":"<p>Mu\u011fla\u2019n\u0131n Milas \u0130l\u00e7esi\u2019nde faaliyet g\u00f6steren Yenik\u00f6y ve Kemerk\u00f6y termik santrallerinin \u00fcretimde s\u00fcreklili\u011fi, istihdam\u0131n korunmas\u0131 ve b\u00f6lgesel sosyal dengenin s\u00fcrd\u00fcr\u00fclmesi a\u00e7\u0131s\u0131ndan kritik \u00f6nem ta\u015f\u0131yor. TES-\u0130\u015e Yata\u011fan \u015eube Ba\u015fkan\u0131 Fatih Er\u00e7elik, &#8220;Yenik\u00f6y ve Kemerk\u00f6y santralleri, bu b\u00f6lgede binlerce insan\u0131n ekme\u011fi ve gelece\u011fi demek; \u00fcretimin devam\u0131 istihdam\u0131n ve sosyal huzurun g\u00fcvencesidir&#8221; dedi. Yenik\u00f6y Kemerk\u00f6y Enerji Genel M\u00fcd\u00fcr Yard\u0131mc\u0131s\u0131&#8230;<\/p>\n","protected":false},"author":1,"featured_media":80988,"comment_status":"open","ping_status":"open","sticky":false,"template":"","format":"standard","meta":{"_crdt_document":"","footnotes":""},"categories":[125],"tags":[],"class_list":["post-80987","post","type-post","status-publish","format-standard","has-post-thumbnail","hentry","category-ekonomi"],"_links":{"self":[{"href":"https:\/\/www.egemtv.com\/index.php?rest_route=\/wp\/v2\/posts\/80987","targetHints":{"allow":["GET"]}}],"collection":[{"href":"https:\/\/www.egemtv.com\/index.php?rest_route=\/wp\/v2\/posts"}],"about":[{"href":"https:\/\/www.egemtv.com\/index.php?rest_route=\/wp\/v2\/types\/post"}],"author":[{"embeddable":true,"href":"https:\/\/www.egemtv.com\/index.php?rest_route=\/wp\/v2\/users\/1"}],"replies":[{"embeddable":true,"href":"https:\/\/www.egemtv.com\/index.php?rest_route=%2Fwp%2Fv2%2Fcomments&post=80987"}],"version-history":[{"count":1,"href":"https:\/\/www.egemtv.com\/index.php?rest_route=\/wp\/v2\/posts\/80987\/revisions"}],"predecessor-version":[{"id":80989,"href":"https:\/\/www.egemtv.com\/index.php?rest_route=\/wp\/v2\/posts\/80987\/revisions\/80989"}],"wp:featuredmedia":[{"embeddable":true,"href":"https:\/\/www.egemtv.com\/index.php?rest_route=\/wp\/v2\/media\/80988"}],"wp:attachment":[{"href":"https:\/\/www.egemtv.com\/index.php?rest_route=%2Fwp%2Fv2%2Fmedia&parent=80987"}],"wp:term":[{"taxonomy":"category","embeddable":true,"href":"https:\/\/www.egemtv.com\/index.php?rest_route=%2Fwp%2Fv2%2Fcategories&post=80987"},{"taxonomy":"post_tag","embeddable":true,"href":"https:\/\/www.egemtv.com\/index.php?rest_route=%2Fwp%2Fv2%2Ftags&post=80987"}],"curies":[{"name":"wp","href":"https:\/\/api.w.org\/{rel}","templated":true}]}}