{"id":80981,"date":"2026-01-15T15:35:10","date_gmt":"2026-01-15T12:35:10","guid":{"rendered":"https:\/\/www.egemtv.com\/?p=80981"},"modified":"2026-01-15T15:35:11","modified_gmt":"2026-01-15T12:35:11","slug":"denizlide-180-bin-ogrenci-karne-heyecani-yasayacak","status":"publish","type":"post","link":"https:\/\/www.egemtv.com\/?p=80981","title":{"rendered":"Denizli\u2019de 180 bin \u00f6\u011frenci karne heyecan\u0131 ya\u015fayacak"},"content":{"rendered":"<p>Denizli\u2019de 2025-2026 E\u011fitim \u00d6\u011fretim Y\u0131l\u0131\u2019n\u0131n birinci d\u00f6nemi 16 Ocak Cuma g\u00fcn\u00fc sona erecek, 783 okulda e\u011fitim g\u00f6ren 180 bin 812 \u00f6\u011frenci karne alarak yar\u0131y\u0131l tatiline \u00e7\u0131kacak.<br \/>\n<br \/>Denizli genelinde 2025-2026 E\u011fitim \u00d6\u011fretim Y\u0131l\u0131\u2019n\u0131n birinci d\u00f6nemi, 16 Ocak Cuma g\u00fcn\u00fc d\u00fczenlenecek karne t\u00f6reniyle sona erecek. Birinci d\u00f6nemin tamamlanmas\u0131yla birlikte Denizli\u2019de e\u011fitim g\u00f6ren 180 bin 812 \u00f6\u011frenci, karnelerini alarak yar\u0131y\u0131l tatiline \u00e7\u0131kacak. \u00d6\u011frenciler, yo\u011fun ge\u00e7en e\u011fitim d\u00f6neminin ard\u0131ndan dinlenme f\u0131rsat\u0131 bulacak. Denizli \u0130l Milli E\u011fitim M\u00fcd\u00fcrl\u00fc\u011f\u00fc verilerine g\u00f6re, il genelinde bulunan 783 okul ve e\u011fitim kurumunda e\u011fitim-\u00f6\u011fretim faaliyetleri s\u00fcrd\u00fcr\u00fcl\u00fcrken, bu okullarda g\u00f6rev yapan 15 bin 952 \u00f6\u011fretmen \u00f6\u011frencilerin ba\u015far\u0131s\u0131 i\u00e7in hizmet veriyor.<br \/><\/p>\n","protected":false},"excerpt":{"rendered":"<p>Denizli\u2019de 2025-2026 E\u011fitim \u00d6\u011fretim Y\u0131l\u0131\u2019n\u0131n birinci d\u00f6nemi 16 Ocak Cuma g\u00fcn\u00fc sona erecek, 783 okulda e\u011fitim g\u00f6ren 180 bin 812 \u00f6\u011frenci karne alarak yar\u0131y\u0131l tatiline \u00e7\u0131kacak. Denizli genelinde 2025-2026 E\u011fitim \u00d6\u011fretim Y\u0131l\u0131\u2019n\u0131n birinci d\u00f6nemi, 16 Ocak Cuma g\u00fcn\u00fc d\u00fczenlenecek karne t\u00f6reniyle sona erecek. Birinci d\u00f6nemin tamamlanmas\u0131yla birlikte Denizli\u2019de e\u011fitim g\u00f6ren 180 bin 812 \u00f6\u011frenci, karnelerini&#8230;<\/p>\n","protected":false},"author":1,"featured_media":80982,"comment_status":"open","ping_status":"open","sticky":false,"template":"","format":"standard","meta":{"_crdt_document":"","footnotes":""},"categories":[1],"tags":[],"class_list":["post-80981","post","type-post","status-publish","format-standard","has-post-thumbnail","hentry","category-guncel"],"_links":{"self":[{"href":"https:\/\/www.egemtv.com\/index.php?rest_route=\/wp\/v2\/posts\/80981","targetHints":{"allow":["GET"]}}],"collection":[{"href":"https:\/\/www.egemtv.com\/index.php?rest_route=\/wp\/v2\/posts"}],"about":[{"href":"https:\/\/www.egemtv.com\/index.php?rest_route=\/wp\/v2\/types\/post"}],"author":[{"embeddable":true,"href":"https:\/\/www.egemtv.com\/index.php?rest_route=\/wp\/v2\/users\/1"}],"replies":[{"embeddable":true,"href":"https:\/\/www.egemtv.com\/index.php?rest_route=%2Fwp%2Fv2%2Fcomments&post=80981"}],"version-history":[{"count":1,"href":"https:\/\/www.egemtv.com\/index.php?rest_route=\/wp\/v2\/posts\/80981\/revisions"}],"predecessor-version":[{"id":80983,"href":"https:\/\/www.egemtv.com\/index.php?rest_route=\/wp\/v2\/posts\/80981\/revisions\/80983"}],"wp:featuredmedia":[{"embeddable":true,"href":"https:\/\/www.egemtv.com\/index.php?rest_route=\/wp\/v2\/media\/80982"}],"wp:attachment":[{"href":"https:\/\/www.egemtv.com\/index.php?rest_route=%2Fwp%2Fv2%2Fmedia&parent=80981"}],"wp:term":[{"taxonomy":"category","embeddable":true,"href":"https:\/\/www.egemtv.com\/index.php?rest_route=%2Fwp%2Fv2%2Fcategories&post=80981"},{"taxonomy":"post_tag","embeddable":true,"href":"https:\/\/www.egemtv.com\/index.php?rest_route=%2Fwp%2Fv2%2Ftags&post=80981"}],"curies":[{"name":"wp","href":"https:\/\/api.w.org\/{rel}","templated":true}]}}