{"id":80975,"date":"2026-01-15T15:15:32","date_gmt":"2026-01-15T12:15:32","guid":{"rendered":"https:\/\/www.egemtv.com\/?p=80975"},"modified":"2026-01-15T15:15:33","modified_gmt":"2026-01-15T12:15:33","slug":"muglada-2026-yili-mugla-genclik-yili-ilan-edildi","status":"publish","type":"post","link":"https:\/\/www.egemtv.com\/?p=80975","title":{"rendered":"Mu\u011fla\u2019da 2026 y\u0131l\u0131 &#8220;Mu\u011fla Gen\u00e7lik Y\u0131l\u0131&#8221; ilan edildi"},"content":{"rendered":"<p>Mu\u011fla Valisi Dr. \u0130dris Akb\u0131y\u0131k ba\u015fkanl\u0131\u011f\u0131nda d\u00fczenlenen planlama toplant\u0131s\u0131nda, 2026 y\u0131l\u0131 &#8220;Mu\u011fla Gen\u00e7lik Y\u0131l\u0131&#8221; ilan edildi. \u015eehrin gelece\u011fini \u015fekillendirecek projeler, &#8220;Mu\u011fla\u2019n\u0131n G\u00fcc\u00fc, Gen\u00e7li\u011fin Enerjisi&#8221; mottosuyla hayata ge\u00e7ecek.<\/p>\n<p>Mu\u011fla Valili\u011fi 75. Y\u0131l Toplant\u0131 Salonu\u2019nda Vali Dr. \u0130dris Akb\u0131y\u0131k ba\u015fkanl\u0131\u011f\u0131nda yap\u0131lan toplant\u0131da, gen\u00e7lerin talepleri ve kamu kurumlar\u0131n\u0131n \u00f6nerileri do\u011frultusunda 2026 y\u0131l\u0131 i\u00e7in haz\u0131rlanan kapsaml\u0131 yol haritas\u0131 masaya yat\u0131r\u0131ld\u0131.<\/p>\n<p>Vali Dr. \u0130dris Akb\u0131y\u0131k, toplant\u0131da yapt\u0131\u011f\u0131 de\u011ferlendirmede gen\u00e7li\u011fin sadece bir ya\u015f grubu de\u011fil, toplumun en b\u00fcy\u00fck dinamizmi oldu\u011funu vurgulad\u0131.<\/p>\n<p>Gen\u00e7lerin e\u011fitimden istihdama, spordan sanata, giri\u015fimcilikten g\u00f6n\u00fcll\u00fcl\u00fc\u011fe kadar her alanda desteklenmesinin \u00f6ncelikli hedefleri oldu\u011funu belirten Vali Akb\u0131y\u0131k, \u015funlar\u0131 s\u00f6yledi: &#8220;Gen\u00e7lerimiz; enerjileri, fikirleri ve \u00fcretkenlikleriyle gelece\u011fimizin en b\u00fcy\u00fck teminat\u0131d\u0131r. 2026 y\u0131l\u0131n\u0131 \u2019Gen\u00e7lik Y\u0131l\u0131\u2019 ilan ederek, onlar\u0131n potansiyelini en \u00fcst d\u00fczeye \u00e7\u0131karacak, f\u0131rsat e\u015fitli\u011fini g\u00fc\u00e7lendirecek ve kat\u0131l\u0131mc\u0131l\u0131\u011f\u0131 art\u0131racak \u00e7al\u0131\u015fmalar\u0131 t\u00fcm kurumlar\u0131m\u0131zla birlikte b\u00fcy\u00fck bir kararl\u0131l\u0131kla s\u00fcrd\u00fcrece\u011fiz&#8221;<\/p>\n<p>Proje kapsam\u0131nda; Mu\u011fla S\u0131tk\u0131 Ko\u00e7man \u00dcniversitesi akademik deste\u011fiyle, Kamu Kurumlar\u0131 ve Yerel Y\u00f6netimler idari g\u00fcc\u00fcyle, Sivil Toplum Kurulu\u015flar\u0131 ve \u00d6zel Sekt\u00f6r ise saha tecr\u00fcbesiyle, gen\u00e7lerin ihtiya\u00e7lar\u0131na do\u011frudan cevap veren, kapsay\u0131c\u0131 ve s\u00fcrd\u00fcr\u00fclebilir modeller geli\u015ftirecek.<\/p>\n<p>Toplant\u0131da, gen\u00e7lerin karar alma mekanizmalar\u0131na dahil edilmesi ve yerel y\u00f6netimlerle i\u015f birli\u011fi i\u00e7erisinde sosyal sorumluluk projelerinde daha aktif rol almalar\u0131 i\u00e7in gerekli altyap\u0131n\u0131n olu\u015fturulaca\u011f\u0131 belirtildi. 2026 y\u0131l\u0131 boyunca Mu\u011fla, gen\u00e7lik festivalleri, istihdam fuarlar\u0131, teknoloji at\u00f6lyeleri ve sanat kamplar\u0131 gibi pek \u00e7ok etkinli\u011fe ev sahipli\u011fi yapmaya haz\u0131rlan\u0131yor.<br \/><\/p>\n","protected":false},"excerpt":{"rendered":"<p>Mu\u011fla Valisi Dr. \u0130dris Akb\u0131y\u0131k ba\u015fkanl\u0131\u011f\u0131nda d\u00fczenlenen planlama toplant\u0131s\u0131nda, 2026 y\u0131l\u0131 &#8220;Mu\u011fla Gen\u00e7lik Y\u0131l\u0131&#8221; ilan edildi. \u015eehrin gelece\u011fini \u015fekillendirecek projeler, &#8220;Mu\u011fla\u2019n\u0131n G\u00fcc\u00fc, Gen\u00e7li\u011fin Enerjisi&#8221; mottosuyla hayata ge\u00e7ecek. Mu\u011fla Valili\u011fi 75. Y\u0131l Toplant\u0131 Salonu\u2019nda Vali Dr. \u0130dris Akb\u0131y\u0131k ba\u015fkanl\u0131\u011f\u0131nda yap\u0131lan toplant\u0131da, gen\u00e7lerin talepleri ve kamu kurumlar\u0131n\u0131n \u00f6nerileri do\u011frultusunda 2026 y\u0131l\u0131 i\u00e7in haz\u0131rlanan kapsaml\u0131 yol haritas\u0131 masaya&#8230;<\/p>\n","protected":false},"author":1,"featured_media":80976,"comment_status":"open","ping_status":"open","sticky":false,"template":"","format":"standard","meta":{"_crdt_document":"","footnotes":""},"categories":[1],"tags":[],"class_list":["post-80975","post","type-post","status-publish","format-standard","has-post-thumbnail","hentry","category-guncel"],"_links":{"self":[{"href":"https:\/\/www.egemtv.com\/index.php?rest_route=\/wp\/v2\/posts\/80975","targetHints":{"allow":["GET"]}}],"collection":[{"href":"https:\/\/www.egemtv.com\/index.php?rest_route=\/wp\/v2\/posts"}],"about":[{"href":"https:\/\/www.egemtv.com\/index.php?rest_route=\/wp\/v2\/types\/post"}],"author":[{"embeddable":true,"href":"https:\/\/www.egemtv.com\/index.php?rest_route=\/wp\/v2\/users\/1"}],"replies":[{"embeddable":true,"href":"https:\/\/www.egemtv.com\/index.php?rest_route=%2Fwp%2Fv2%2Fcomments&post=80975"}],"version-history":[{"count":1,"href":"https:\/\/www.egemtv.com\/index.php?rest_route=\/wp\/v2\/posts\/80975\/revisions"}],"predecessor-version":[{"id":80977,"href":"https:\/\/www.egemtv.com\/index.php?rest_route=\/wp\/v2\/posts\/80975\/revisions\/80977"}],"wp:featuredmedia":[{"embeddable":true,"href":"https:\/\/www.egemtv.com\/index.php?rest_route=\/wp\/v2\/media\/80976"}],"wp:attachment":[{"href":"https:\/\/www.egemtv.com\/index.php?rest_route=%2Fwp%2Fv2%2Fmedia&parent=80975"}],"wp:term":[{"taxonomy":"category","embeddable":true,"href":"https:\/\/www.egemtv.com\/index.php?rest_route=%2Fwp%2Fv2%2Fcategories&post=80975"},{"taxonomy":"post_tag","embeddable":true,"href":"https:\/\/www.egemtv.com\/index.php?rest_route=%2Fwp%2Fv2%2Ftags&post=80975"}],"curies":[{"name":"wp","href":"https:\/\/api.w.org\/{rel}","templated":true}]}}