{"id":80972,"date":"2026-01-15T15:15:31","date_gmt":"2026-01-15T12:15:31","guid":{"rendered":"https:\/\/www.egemtv.com\/?p=80972"},"modified":"2026-01-15T15:15:31","modified_gmt":"2026-01-15T12:15:31","slug":"bodrumda-cam-siseyle-kadini-dogramaya-calisti-19-yil-hapis-cezasina-carptirildi","status":"publish","type":"post","link":"https:\/\/www.egemtv.com\/?p=80972","title":{"rendered":"Bodrum\u2019da cam \u015fi\u015feyle kad\u0131n\u0131 do\u011framaya \u00e7al\u0131\u015ft\u0131: &#8220;19 y\u0131l hapis cezas\u0131na \u00e7arpt\u0131r\u0131ld\u0131&#8221;"},"content":{"rendered":"<p>Mu\u011fla\u2019n\u0131n Bodrum il\u00e7esinde 10 Haziran 2024 tarihinde elindeki cam \u015fi\u015feyi k\u0131r\u0131p yan\u0131ndaki kad\u0131n\u0131n bo\u011faz\u0131n\u0131 ve bileklerini kesmeye \u00e7al\u0131\u015fan \u015fah\u0131s 19 y\u0131l hapis cezas\u0131na \u00e7arpt\u0131r\u0131ld\u0131. Deh\u015fet anlar\u0131 ise g\u00fcvenlik kameras\u0131na saniye saniye yans\u0131d\u0131.<\/p>\n<p>Edinilen bilgilere g\u00f6re, Bodrum\u2019a i\u015f bulmak i\u00e7in gelen Mustafa Karacan ve k\u0131z arkada\u015f\u0131 F.O. bir s\u00fcre i\u015f bulmaya \u00e7al\u0131\u015ft\u0131. Ayn\u0131 otelde kalan ikiliden F.O., i\u015f aramak i\u00e7in otelden ayr\u0131ld\u0131. \u0130\u015f bulamayan F.O., erkek arkada\u015f\u0131n\u0131 arayarak bulundu\u011fu noktaya \u00e7a\u011f\u0131rd\u0131. K\u0131z arkada\u015f\u0131 F.O.\u2019nun otelden haber vermeden ayr\u0131lmas\u0131na sinirlenen Karacan kad\u0131n\u0131n yan\u0131na gelir gelmez elindeki cam \u015fi\u015feyi k\u0131rarak sald\u0131rmaya ba\u015flad\u0131. Bir yandan kad\u0131n\u0131 tutan Karacan, bir yandan da elindeki k\u0131r\u0131k cam \u015fi\u015feyle kad\u0131n\u0131 yaralamaya ba\u015flad\u0131. Bo\u011faz\u0131n\u0131 k\u0131r\u0131k cam \u015fi\u015fesi kesmeye \u00e7al\u0131\u015fan Karacan kad\u0131n\u0131 bir \u00e7ok yerinden yaralad\u0131. \u00d6zellikle bo\u011faz\u0131ndan ve kolundan yaralanan F.O.\u2019yu \u00e7evredeki vatanda\u015flar kurtard\u0131. Kad\u0131n\u0131n bo\u011faz\u0131n\u0131 kesen Karacan\u2019\u0131n, &#8220;Seni \u00f6ld\u00fcrece\u011fim, kimse seni elimden kurtaramaz&#8221; diyerek tehdit etti. Olay\u0131n ard\u0131ndan g\u00f6zalt\u0131na al\u0131nan Karacan tutukland\u0131.<\/p>\n<p>&#8220;Deh\u015fet anlar\u0131 g\u00fcvenlik kameras\u0131na yans\u0131d\u0131&#8221;<br \/>\n<br \/>Ya\u015fanan deh\u015fet anlar\u0131, \u00e7evredeki bir i\u015f yerinin g\u00fcvenlik kameras\u0131na saniye saniye yans\u0131d\u0131. G\u00f6r\u00fcnt\u00fclerde Karacan\u2019\u0131n F.O.\u2019yu darp etti\u011fi, yoldan ge\u00e7en vatanda\u015flar\u0131n olaya m\u00fcdahale etmek istedi\u011fi ancak engellendi\u011fi g\u00f6r\u00fcld\u00fc.<\/p>\n<p>&#8220;19 y\u0131l habis cezas\u0131 verildi&#8221;<br \/>\n<br \/>Bodrum 2\u2019nci A\u011f\u0131r Ceza Mahkemesi\u2019nde g\u00f6r\u00fclen davada san\u0131k Mustafa Karacan, karar duru\u015fmas\u0131nda hakim kar\u015f\u0131s\u0131na \u00e7\u0131kt\u0131. Mahkeme heyeti, san\u0131\u011fa kasten \u00f6ld\u00fcrmeye te\u015febb\u00fcs su\u00e7undan 15 y\u0131l, ki\u015fiyi h\u00fcrriyetinden yoksun k\u0131lma su\u00e7undan 4 y\u0131l olmak \u00fczere toplam 19 y\u0131l hapis cezas\u0131 verdi.<br \/><\/p>\n","protected":false},"excerpt":{"rendered":"<p>Mu\u011fla\u2019n\u0131n Bodrum il\u00e7esinde 10 Haziran 2024 tarihinde elindeki cam \u015fi\u015feyi k\u0131r\u0131p yan\u0131ndaki kad\u0131n\u0131n bo\u011faz\u0131n\u0131 ve bileklerini kesmeye \u00e7al\u0131\u015fan \u015fah\u0131s 19 y\u0131l hapis cezas\u0131na \u00e7arpt\u0131r\u0131ld\u0131. Deh\u015fet anlar\u0131 ise g\u00fcvenlik kameras\u0131na saniye saniye yans\u0131d\u0131. Edinilen bilgilere g\u00f6re, Bodrum\u2019a i\u015f bulmak i\u00e7in gelen Mustafa Karacan ve k\u0131z arkada\u015f\u0131 F.O. bir s\u00fcre i\u015f bulmaya \u00e7al\u0131\u015ft\u0131. Ayn\u0131 otelde kalan ikiliden&#8230;<\/p>\n","protected":false},"author":1,"featured_media":80973,"comment_status":"open","ping_status":"open","sticky":false,"template":"","format":"standard","meta":{"_crdt_document":"","footnotes":""},"categories":[5],"tags":[],"class_list":["post-80972","post","type-post","status-publish","format-standard","has-post-thumbnail","hentry","category-asayis"],"_links":{"self":[{"href":"https:\/\/www.egemtv.com\/index.php?rest_route=\/wp\/v2\/posts\/80972","targetHints":{"allow":["GET"]}}],"collection":[{"href":"https:\/\/www.egemtv.com\/index.php?rest_route=\/wp\/v2\/posts"}],"about":[{"href":"https:\/\/www.egemtv.com\/index.php?rest_route=\/wp\/v2\/types\/post"}],"author":[{"embeddable":true,"href":"https:\/\/www.egemtv.com\/index.php?rest_route=\/wp\/v2\/users\/1"}],"replies":[{"embeddable":true,"href":"https:\/\/www.egemtv.com\/index.php?rest_route=%2Fwp%2Fv2%2Fcomments&post=80972"}],"version-history":[{"count":1,"href":"https:\/\/www.egemtv.com\/index.php?rest_route=\/wp\/v2\/posts\/80972\/revisions"}],"predecessor-version":[{"id":80974,"href":"https:\/\/www.egemtv.com\/index.php?rest_route=\/wp\/v2\/posts\/80972\/revisions\/80974"}],"wp:featuredmedia":[{"embeddable":true,"href":"https:\/\/www.egemtv.com\/index.php?rest_route=\/wp\/v2\/media\/80973"}],"wp:attachment":[{"href":"https:\/\/www.egemtv.com\/index.php?rest_route=%2Fwp%2Fv2%2Fmedia&parent=80972"}],"wp:term":[{"taxonomy":"category","embeddable":true,"href":"https:\/\/www.egemtv.com\/index.php?rest_route=%2Fwp%2Fv2%2Fcategories&post=80972"},{"taxonomy":"post_tag","embeddable":true,"href":"https:\/\/www.egemtv.com\/index.php?rest_route=%2Fwp%2Fv2%2Ftags&post=80972"}],"curies":[{"name":"wp","href":"https:\/\/api.w.org\/{rel}","templated":true}]}}