{"id":80969,"date":"2026-01-15T15:15:30","date_gmt":"2026-01-15T12:15:30","guid":{"rendered":"https:\/\/www.egemtv.com\/?p=80969"},"modified":"2026-01-15T15:15:31","modified_gmt":"2026-01-15T12:15:31","slug":"didim-belediyesi-aydin-genelinde-en-fazla-yatirim-yapan-ikinci-ilce-belediyesi-oldu","status":"publish","type":"post","link":"https:\/\/www.egemtv.com\/?p=80969","title":{"rendered":"Didim Belediyesi, Ayd\u0131n genelinde en fazla yat\u0131r\u0131m yapan ikinci il\u00e7e belediyesi oldu"},"content":{"rendered":"<p>Ayd\u0131n \u0130l Koordinasyon Kurulu 2026 Y\u0131l\u0131 1. D\u00f6nem Toplant\u0131s\u0131\u2019nda a\u00e7\u0131klanan yat\u0131r\u0131m verilerine g\u00f6re Didim Belediyesi, 2025 y\u0131l\u0131 boyunca ger\u00e7ekle\u015ftirdi\u011fi 87 milyon 804 bin 919 TL\u2019lik yat\u0131r\u0131mla Ayd\u0131n genelinde en fazla yat\u0131r\u0131m yapan ikinci il\u00e7e belediyesi oldu.<\/p>\n<p>Ayd\u0131n \u0130l Koordinasyon Kurulu 2026 Y\u0131l\u0131 1. D\u00f6nem Toplant\u0131s\u0131, Ayd\u0131n Valisi Yakup Canbolat ba\u015fkanl\u0131\u011f\u0131nda ger\u00e7ekle\u015ftirildi. Toplant\u0131da, 2025 y\u0131l\u0131 boyunca il genelinde tamamlanan ve yap\u0131m\u0131 devam eden kamu ile belediye yat\u0131r\u0131mlar\u0131na ili\u015fkin kapsaml\u0131 de\u011ferlendirmelerde bulunuldu. A\u00e7\u0131klanan veriler do\u011frultusunda Didim Belediyesi, Ayd\u0131n genelinde en fazla yat\u0131r\u0131m yapan ikinci il\u00e7e belediyesi olarak \u00f6ne \u00e7\u0131kt\u0131. Vali Yakup Canbolat, 2025 y\u0131l\u0131 i\u00e7erisinde belediyeler taraf\u0131ndan Ayd\u0131n genelinde toplam 49 yat\u0131r\u0131m projesinin hayata ge\u00e7irildi\u011fini, bu projelerden 27\u2019sinin tamamland\u0131\u011f\u0131n\u0131, di\u011fer projelerin ise yap\u0131m s\u00fcrecinin devam etti\u011fini ifade etti. Belediyeler baz\u0131nda yap\u0131lan de\u011ferlendirmede; il\u00e7e belediyeleri aras\u0131nda Didim Belediyesi 87 milyon 804 bin 919 TL\u2019lik yat\u0131r\u0131m tutar\u0131yla ikinci s\u0131rada yer ald\u0131.<\/p>\n<p>Konuya ili\u015fkin de\u011ferlendirmelerde bulunan Didim Belediye Ba\u015fkan\u0131 Hatice Gen\u00e7ay elde edilen ba\u015far\u0131n\u0131n planl\u0131 ve kararl\u0131 \u00e7al\u0131\u015fmalar\u0131n bir sonucu oldu\u011funu vurgulayarak, &#8220;Belediyemizin 2025 y\u0131l\u0131 yat\u0131r\u0131mlar\u0131yla Ayd\u0131n genelinde ikinci s\u0131rada yer almas\u0131 bizler i\u00e7in bir gurur kayna\u011f\u0131d\u0131r. Bu ba\u015far\u0131; mali disiplinden \u00f6d\u00fcn vermeden, halk\u0131m\u0131z\u0131n ihtiya\u00e7lar\u0131n\u0131 \u00f6nceleyen, planl\u0131 ve s\u00fcrd\u00fcr\u00fclebilir hizmet anlay\u0131\u015f\u0131m\u0131z\u0131n bir sonucudur. \u00c7al\u0131\u015fmalar\u0131m\u0131z\u0131n belediyemizin kendi imkanlar\u0131yla ve d\u00fc\u015f\u00fck maliyetlerle ger\u00e7ekle\u015ftirilmi\u015f olmas\u0131, bu tabloyu daha da \u00f6nemli hale getirmektedir. Didim\u2019in bug\u00fcn\u00fcne ve yar\u0131n\u0131na de\u011fer katan projeleri hayata ge\u00e7irirken bizlere destek olan t\u00fcm kurumlar\u0131m\u0131za ve her zaman yan\u0131m\u0131zda olan halk\u0131m\u0131za te\u015fekk\u00fcr ediyorum. Didim\u2019i daha ya\u015fanabilir ve daha g\u00fc\u00e7l\u00fc bir kent haline getirmek i\u00e7in ayn\u0131 kararl\u0131l\u0131kla ve yat\u0131r\u0131mlar\u0131m\u0131z\u0131 artt\u0131rarak \u00e7al\u0131\u015fmaya devam edece\u011fiz&#8221; dedi.<br \/><\/p>\n","protected":false},"excerpt":{"rendered":"<p>Ayd\u0131n \u0130l Koordinasyon Kurulu 2026 Y\u0131l\u0131 1. D\u00f6nem Toplant\u0131s\u0131\u2019nda a\u00e7\u0131klanan yat\u0131r\u0131m verilerine g\u00f6re Didim Belediyesi, 2025 y\u0131l\u0131 boyunca ger\u00e7ekle\u015ftirdi\u011fi 87 milyon 804 bin 919 TL\u2019lik yat\u0131r\u0131mla Ayd\u0131n genelinde en fazla yat\u0131r\u0131m yapan ikinci il\u00e7e belediyesi oldu. Ayd\u0131n \u0130l Koordinasyon Kurulu 2026 Y\u0131l\u0131 1. D\u00f6nem Toplant\u0131s\u0131, Ayd\u0131n Valisi Yakup Canbolat ba\u015fkanl\u0131\u011f\u0131nda ger\u00e7ekle\u015ftirildi. Toplant\u0131da, 2025 y\u0131l\u0131 boyunca&#8230;<\/p>\n","protected":false},"author":1,"featured_media":80970,"comment_status":"open","ping_status":"open","sticky":false,"template":"","format":"standard","meta":{"_crdt_document":"","footnotes":""},"categories":[1],"tags":[],"class_list":["post-80969","post","type-post","status-publish","format-standard","has-post-thumbnail","hentry","category-guncel"],"_links":{"self":[{"href":"https:\/\/www.egemtv.com\/index.php?rest_route=\/wp\/v2\/posts\/80969","targetHints":{"allow":["GET"]}}],"collection":[{"href":"https:\/\/www.egemtv.com\/index.php?rest_route=\/wp\/v2\/posts"}],"about":[{"href":"https:\/\/www.egemtv.com\/index.php?rest_route=\/wp\/v2\/types\/post"}],"author":[{"embeddable":true,"href":"https:\/\/www.egemtv.com\/index.php?rest_route=\/wp\/v2\/users\/1"}],"replies":[{"embeddable":true,"href":"https:\/\/www.egemtv.com\/index.php?rest_route=%2Fwp%2Fv2%2Fcomments&post=80969"}],"version-history":[{"count":1,"href":"https:\/\/www.egemtv.com\/index.php?rest_route=\/wp\/v2\/posts\/80969\/revisions"}],"predecessor-version":[{"id":80971,"href":"https:\/\/www.egemtv.com\/index.php?rest_route=\/wp\/v2\/posts\/80969\/revisions\/80971"}],"wp:featuredmedia":[{"embeddable":true,"href":"https:\/\/www.egemtv.com\/index.php?rest_route=\/wp\/v2\/media\/80970"}],"wp:attachment":[{"href":"https:\/\/www.egemtv.com\/index.php?rest_route=%2Fwp%2Fv2%2Fmedia&parent=80969"}],"wp:term":[{"taxonomy":"category","embeddable":true,"href":"https:\/\/www.egemtv.com\/index.php?rest_route=%2Fwp%2Fv2%2Fcategories&post=80969"},{"taxonomy":"post_tag","embeddable":true,"href":"https:\/\/www.egemtv.com\/index.php?rest_route=%2Fwp%2Fv2%2Ftags&post=80969"}],"curies":[{"name":"wp","href":"https:\/\/api.w.org\/{rel}","templated":true}]}}