{"id":80966,"date":"2026-01-15T14:54:48","date_gmt":"2026-01-15T11:54:48","guid":{"rendered":"https:\/\/www.egemtv.com\/?p=80966"},"modified":"2026-01-15T14:54:49","modified_gmt":"2026-01-15T11:54:49","slug":"kayip-olarak-aranan-yasli-adam-dere-yataginda-olu-bulundu","status":"publish","type":"post","link":"https:\/\/www.egemtv.com\/?p=80966","title":{"rendered":"Kay\u0131p olarak aranan ya\u015fl\u0131 adam dere yata\u011f\u0131nda \u00f6l\u00fc bulundu"},"content":{"rendered":"<p>Manisa\u2019n\u0131n \u015eehzadeler il\u00e7esinde kendisinden haber al\u0131namayan ya\u015fl\u0131 adam, dere yata\u011f\u0131nda \u00f6l\u00fc bulundu.<br \/>\n<br \/>\u015eehzadeler il\u00e7esine ba\u011fl\u0131 Yenik\u00f6y Mahallesi\u2019nde ya\u015fayan Hamit Akyol\u2019dan (78) haber alamayan yak\u0131nlar\u0131 durumu jandarma ekiplerine bildirdi. Bunun \u00fczerine jandarma ekiplerince \u015fahs\u0131n evine gidi\u015f g\u00fczerg\u00e2h\u0131nda arama \u00e7al\u0131\u015fmas\u0131 ba\u015flat\u0131ld\u0131. Yap\u0131lan aramalarda dere yata\u011f\u0131nda s\u0131rt\u00fcst\u00fc yatar olarak bulunan Akyol\u2019un olay yerinde hayat\u0131n\u0131 kaybetti\u011fi belirlendi.<br \/>\n<br \/>Jandarma Olay Yeri \u0130nceleme ekipleri taraf\u0131ndan b\u00f6lgede gerekli incelemeler yap\u0131l\u0131rken, Hamit Akyol\u2019un cenazesinin kesin \u00f6l\u00fcm nedeninin belirlenmesi amac\u0131yla Merkez Efendi Devlet Hastanesi\u2019nde otopsi i\u015flemi yap\u0131laca\u011f\u0131 \u00f6\u011frenildi.<br \/><\/p>\n","protected":false},"excerpt":{"rendered":"<p>Manisa\u2019n\u0131n \u015eehzadeler il\u00e7esinde kendisinden haber al\u0131namayan ya\u015fl\u0131 adam, dere yata\u011f\u0131nda \u00f6l\u00fc bulundu. \u015eehzadeler il\u00e7esine ba\u011fl\u0131 Yenik\u00f6y Mahallesi\u2019nde ya\u015fayan Hamit Akyol\u2019dan (78) haber alamayan yak\u0131nlar\u0131 durumu jandarma ekiplerine bildirdi. Bunun \u00fczerine jandarma ekiplerince \u015fahs\u0131n evine gidi\u015f g\u00fczerg\u00e2h\u0131nda arama \u00e7al\u0131\u015fmas\u0131 ba\u015flat\u0131ld\u0131. Yap\u0131lan aramalarda dere yata\u011f\u0131nda s\u0131rt\u00fcst\u00fc yatar olarak bulunan Akyol\u2019un olay yerinde hayat\u0131n\u0131 kaybetti\u011fi belirlendi. Jandarma Olay&#8230;<\/p>\n","protected":false},"author":1,"featured_media":80967,"comment_status":"open","ping_status":"open","sticky":false,"template":"","format":"standard","meta":{"_crdt_document":"","footnotes":""},"categories":[5],"tags":[],"class_list":["post-80966","post","type-post","status-publish","format-standard","has-post-thumbnail","hentry","category-asayis"],"_links":{"self":[{"href":"https:\/\/www.egemtv.com\/index.php?rest_route=\/wp\/v2\/posts\/80966","targetHints":{"allow":["GET"]}}],"collection":[{"href":"https:\/\/www.egemtv.com\/index.php?rest_route=\/wp\/v2\/posts"}],"about":[{"href":"https:\/\/www.egemtv.com\/index.php?rest_route=\/wp\/v2\/types\/post"}],"author":[{"embeddable":true,"href":"https:\/\/www.egemtv.com\/index.php?rest_route=\/wp\/v2\/users\/1"}],"replies":[{"embeddable":true,"href":"https:\/\/www.egemtv.com\/index.php?rest_route=%2Fwp%2Fv2%2Fcomments&post=80966"}],"version-history":[{"count":1,"href":"https:\/\/www.egemtv.com\/index.php?rest_route=\/wp\/v2\/posts\/80966\/revisions"}],"predecessor-version":[{"id":80968,"href":"https:\/\/www.egemtv.com\/index.php?rest_route=\/wp\/v2\/posts\/80966\/revisions\/80968"}],"wp:featuredmedia":[{"embeddable":true,"href":"https:\/\/www.egemtv.com\/index.php?rest_route=\/wp\/v2\/media\/80967"}],"wp:attachment":[{"href":"https:\/\/www.egemtv.com\/index.php?rest_route=%2Fwp%2Fv2%2Fmedia&parent=80966"}],"wp:term":[{"taxonomy":"category","embeddable":true,"href":"https:\/\/www.egemtv.com\/index.php?rest_route=%2Fwp%2Fv2%2Fcategories&post=80966"},{"taxonomy":"post_tag","embeddable":true,"href":"https:\/\/www.egemtv.com\/index.php?rest_route=%2Fwp%2Fv2%2Ftags&post=80966"}],"curies":[{"name":"wp","href":"https:\/\/api.w.org\/{rel}","templated":true}]}}