{"id":80963,"date":"2026-01-15T14:54:47","date_gmt":"2026-01-15T11:54:47","guid":{"rendered":"https:\/\/www.egemtv.com\/?p=80963"},"modified":"2026-01-15T14:54:48","modified_gmt":"2026-01-15T11:54:48","slug":"mustakil-evde-cikan-yanginda-80-yasindaki-kadin-hayatini-kaybetti","status":"publish","type":"post","link":"https:\/\/www.egemtv.com\/?p=80963","title":{"rendered":"M\u00fcstakil evde \u00e7\u0131kan yang\u0131nda 80 ya\u015f\u0131ndaki kad\u0131n hayat\u0131n\u0131 kaybetti"},"content":{"rendered":"<p>Denizli\u2019nin Tavas il\u00e7esinde bir evde \u00e7\u0131kan yang\u0131nda 80 ya\u015f\u0131ndaki kad\u0131n hayat\u0131n\u0131 kaybetti.<\/p>\n<p>Yang\u0131n, Tavas il\u00e7esi Baharlar Mahallesi\u2019nde meydana geldi. Edinilen bilgilere g\u00f6re; G\u00fcls\u00fcm G\u00f6k\u00e7eo\u011flu\u2019nun ya\u015fad\u0131\u011f\u0131 m\u00fcstakil evde hen\u00fcz bilinmeyen nedenle yang\u0131n \u00e7\u0131kt\u0131. Yang\u0131n\u0131 g\u00f6ren \u00e7evredeki vatanda\u015flar 112 Acil \u00c7a\u011fr\u0131 Merkezine bildirdi. \u0130hbar \u00fczerine b\u00f6lgeye jandarma, itfaiye ve sa\u011fl\u0131k ekipleri sevk edildi. Yang\u0131n yo\u011fun u\u011fra\u015flar\u0131n ard\u0131ndan itfaiye ekiplerince s\u00f6nd\u00fcr\u00fcld\u00fc. Yang\u0131n\u0131n s\u00f6nd\u00fcr\u00fclmesinin ard\u0131ndan evde yap\u0131lan incelemede G\u00f6k\u00e7eo\u011flu\u2019nun cans\u0131z bedeni bulundu.<\/p>\n<p>Hayat\u0131n\u0131 kaybeden G\u00f6k\u00e7eo\u011flu\u2019nun cenazesi otopsi yap\u0131lmak \u00fczere Adli T\u0131p Kurumu morguna kald\u0131r\u0131ld\u0131. Olay\u0131n ard\u0131ndan Tavas Belediye Ba\u015fkan\u0131 Kadir Tat\u0131k, olay yerine giderek incelemelerde bulundu. Olayla ilgili soru\u015fturma ba\u015flat\u0131ld\u0131.<br \/><\/p>\n","protected":false},"excerpt":{"rendered":"<p>Denizli\u2019nin Tavas il\u00e7esinde bir evde \u00e7\u0131kan yang\u0131nda 80 ya\u015f\u0131ndaki kad\u0131n hayat\u0131n\u0131 kaybetti. Yang\u0131n, Tavas il\u00e7esi Baharlar Mahallesi\u2019nde meydana geldi. Edinilen bilgilere g\u00f6re; G\u00fcls\u00fcm G\u00f6k\u00e7eo\u011flu\u2019nun ya\u015fad\u0131\u011f\u0131 m\u00fcstakil evde hen\u00fcz bilinmeyen nedenle yang\u0131n \u00e7\u0131kt\u0131. Yang\u0131n\u0131 g\u00f6ren \u00e7evredeki vatanda\u015flar 112 Acil \u00c7a\u011fr\u0131 Merkezine bildirdi. \u0130hbar \u00fczerine b\u00f6lgeye jandarma, itfaiye ve sa\u011fl\u0131k ekipleri sevk edildi. Yang\u0131n yo\u011fun u\u011fra\u015flar\u0131n ard\u0131ndan&#8230;<\/p>\n","protected":false},"author":1,"featured_media":80964,"comment_status":"open","ping_status":"open","sticky":false,"template":"","format":"standard","meta":{"_crdt_document":"","footnotes":""},"categories":[5],"tags":[],"class_list":["post-80963","post","type-post","status-publish","format-standard","has-post-thumbnail","hentry","category-asayis"],"_links":{"self":[{"href":"https:\/\/www.egemtv.com\/index.php?rest_route=\/wp\/v2\/posts\/80963","targetHints":{"allow":["GET"]}}],"collection":[{"href":"https:\/\/www.egemtv.com\/index.php?rest_route=\/wp\/v2\/posts"}],"about":[{"href":"https:\/\/www.egemtv.com\/index.php?rest_route=\/wp\/v2\/types\/post"}],"author":[{"embeddable":true,"href":"https:\/\/www.egemtv.com\/index.php?rest_route=\/wp\/v2\/users\/1"}],"replies":[{"embeddable":true,"href":"https:\/\/www.egemtv.com\/index.php?rest_route=%2Fwp%2Fv2%2Fcomments&post=80963"}],"version-history":[{"count":1,"href":"https:\/\/www.egemtv.com\/index.php?rest_route=\/wp\/v2\/posts\/80963\/revisions"}],"predecessor-version":[{"id":80965,"href":"https:\/\/www.egemtv.com\/index.php?rest_route=\/wp\/v2\/posts\/80963\/revisions\/80965"}],"wp:featuredmedia":[{"embeddable":true,"href":"https:\/\/www.egemtv.com\/index.php?rest_route=\/wp\/v2\/media\/80964"}],"wp:attachment":[{"href":"https:\/\/www.egemtv.com\/index.php?rest_route=%2Fwp%2Fv2%2Fmedia&parent=80963"}],"wp:term":[{"taxonomy":"category","embeddable":true,"href":"https:\/\/www.egemtv.com\/index.php?rest_route=%2Fwp%2Fv2%2Fcategories&post=80963"},{"taxonomy":"post_tag","embeddable":true,"href":"https:\/\/www.egemtv.com\/index.php?rest_route=%2Fwp%2Fv2%2Ftags&post=80963"}],"curies":[{"name":"wp","href":"https:\/\/api.w.org\/{rel}","templated":true}]}}