{"id":80960,"date":"2026-01-15T14:35:03","date_gmt":"2026-01-15T11:35:03","guid":{"rendered":"https:\/\/www.egemtv.com\/?p=80960"},"modified":"2026-01-15T14:35:04","modified_gmt":"2026-01-15T11:35:04","slug":"usakta-tarim-teskilati-ciftcilerle-bir-araya-geldi","status":"publish","type":"post","link":"https:\/\/www.egemtv.com\/?p=80960","title":{"rendered":"U\u015fak\u2019ta tar\u0131m te\u015fkilat\u0131 \u00e7ift\u00e7ilerle bir araya geldi"},"content":{"rendered":"<p>U\u015fak \u0130l Tar\u0131m ve Orman M\u00fcd\u00fcr\u00fc Serkan Bilir, teknik personelle birlikte \u0130lyasl\u0131 K\u00f6y\u00fc\u2019n\u00fc ziyaret ederek \u00fcreticilerle bir araya geldi.<\/p>\n<p>U\u015fak \u0130l Tar\u0131m ve Orman M\u00fcd\u00fcr\u00fc Serkan Bilir, teknik personelle birlikte \u0130lyasl\u0131 K\u00f6y\u00fc\u2019nde bir araya gelerek hastal\u0131ktan ari hayvanc\u0131l\u0131k i\u015fletmelerinin \u00f6nemi, son d\u00f6nemde hububat alanlar\u0131nda zarara yol a\u00e7an ekin kambur b\u00f6ce\u011fi ile m\u00fccadele y\u00f6ntemleri ve TARS\u0130M tar\u0131m sigortas\u0131n\u0131n kapsam\u0131 hakk\u0131nda \u00fcreticilere bilgilendirme yap\u0131ld\u0131.<\/p>\n<p>Hububat tarlalar\u0131nda ger\u00e7ekle\u015ftirilen incelemelerde zararl\u0131n\u0131n mevcut durumu de\u011ferlendirilirken, al\u0131nmas\u0131 gereken k\u00fclt\u00fcrel ve kimyasal m\u00fccadele y\u00f6ntemleri konusunda \u00e7ift\u00e7ilere teknik bilgiler aktar\u0131ld\u0131.<br \/>\n<br \/>\u0130l Tar\u0131m ve Orman M\u00fcd\u00fcr\u00fc Serkan Bilir, hastal\u0131ktan ari hayvanc\u0131l\u0131k i\u015fletmelerinin hem verimlilik hem de \u00fclke hayvanc\u0131l\u0131\u011f\u0131 a\u00e7\u0131s\u0131ndan b\u00fcy\u00fck \u00f6nem ta\u015f\u0131d\u0131\u011f\u0131n\u0131 vurgulayarak, \u00fcreticileri bu alanda y\u00fcr\u00fct\u00fclen destek ve projelerden faydalanmaya davet etti.<\/p>\n<p>Ayr\u0131ca, iklim kaynakl\u0131 riskler ve tar\u0131msal zararl\u0131lara kar\u015f\u0131 \u00fcreticilerin ma\u011fduriyet ya\u015famamas\u0131 ad\u0131na TARS\u0130M tar\u0131m sigortas\u0131n\u0131n mutlaka yapt\u0131r\u0131lmas\u0131 gerekti\u011fi hat\u0131rlat\u0131ld\u0131. Ziyaret sonunda \u00fcreticilerle samimi bir sohbet ger\u00e7ekle\u015ftiren \u0130l M\u00fcd\u00fcr\u00fc Bilir, \u00e7ift\u00e7ilerin talep ve sorunlar\u0131n\u0131 dinleyerek \u00e7\u00f6z\u00fcm odakl\u0131 de\u011ferlendirmelerde bulundu.<br \/>\n<br \/>\u0130l Tar\u0131m ve Orman M\u00fcd\u00fcrl\u00fc\u011f\u00fc\u2019n\u00fcn sosyal medya hesaplar\u0131ndan da payla\u015f\u0131lan ziyarette, tar\u0131m\u0131n her alan\u0131nda \u00fcreticilerin yan\u0131nda olunmaya devam edilece\u011fi vurguland\u0131.<br \/><\/p>\n","protected":false},"excerpt":{"rendered":"<p>U\u015fak \u0130l Tar\u0131m ve Orman M\u00fcd\u00fcr\u00fc Serkan Bilir, teknik personelle birlikte \u0130lyasl\u0131 K\u00f6y\u00fc\u2019n\u00fc ziyaret ederek \u00fcreticilerle bir araya geldi. U\u015fak \u0130l Tar\u0131m ve Orman M\u00fcd\u00fcr\u00fc Serkan Bilir, teknik personelle birlikte \u0130lyasl\u0131 K\u00f6y\u00fc\u2019nde bir araya gelerek hastal\u0131ktan ari hayvanc\u0131l\u0131k i\u015fletmelerinin \u00f6nemi, son d\u00f6nemde hububat alanlar\u0131nda zarara yol a\u00e7an ekin kambur b\u00f6ce\u011fi ile m\u00fccadele y\u00f6ntemleri ve TARS\u0130M&#8230;<\/p>\n","protected":false},"author":1,"featured_media":80961,"comment_status":"open","ping_status":"open","sticky":false,"template":"","format":"standard","meta":{"_crdt_document":"","footnotes":""},"categories":[125],"tags":[],"class_list":["post-80960","post","type-post","status-publish","format-standard","has-post-thumbnail","hentry","category-ekonomi"],"_links":{"self":[{"href":"https:\/\/www.egemtv.com\/index.php?rest_route=\/wp\/v2\/posts\/80960","targetHints":{"allow":["GET"]}}],"collection":[{"href":"https:\/\/www.egemtv.com\/index.php?rest_route=\/wp\/v2\/posts"}],"about":[{"href":"https:\/\/www.egemtv.com\/index.php?rest_route=\/wp\/v2\/types\/post"}],"author":[{"embeddable":true,"href":"https:\/\/www.egemtv.com\/index.php?rest_route=\/wp\/v2\/users\/1"}],"replies":[{"embeddable":true,"href":"https:\/\/www.egemtv.com\/index.php?rest_route=%2Fwp%2Fv2%2Fcomments&post=80960"}],"version-history":[{"count":1,"href":"https:\/\/www.egemtv.com\/index.php?rest_route=\/wp\/v2\/posts\/80960\/revisions"}],"predecessor-version":[{"id":80962,"href":"https:\/\/www.egemtv.com\/index.php?rest_route=\/wp\/v2\/posts\/80960\/revisions\/80962"}],"wp:featuredmedia":[{"embeddable":true,"href":"https:\/\/www.egemtv.com\/index.php?rest_route=\/wp\/v2\/media\/80961"}],"wp:attachment":[{"href":"https:\/\/www.egemtv.com\/index.php?rest_route=%2Fwp%2Fv2%2Fmedia&parent=80960"}],"wp:term":[{"taxonomy":"category","embeddable":true,"href":"https:\/\/www.egemtv.com\/index.php?rest_route=%2Fwp%2Fv2%2Fcategories&post=80960"},{"taxonomy":"post_tag","embeddable":true,"href":"https:\/\/www.egemtv.com\/index.php?rest_route=%2Fwp%2Fv2%2Ftags&post=80960"}],"curies":[{"name":"wp","href":"https:\/\/api.w.org\/{rel}","templated":true}]}}