{"id":80957,"date":"2026-01-15T14:35:01","date_gmt":"2026-01-15T11:35:01","guid":{"rendered":"https:\/\/www.egemtv.com\/?p=80957"},"modified":"2026-01-15T14:35:03","modified_gmt":"2026-01-15T11:35:03","slug":"mirac-kandilinde-kabede-mahseri-kalabalik","status":"publish","type":"post","link":"https:\/\/www.egemtv.com\/?p=80957","title":{"rendered":"Mira\u00e7 Kandilinde K\u00e2be\u2019de mah\u015fer\u00ee kalabal\u0131k"},"content":{"rendered":"<p>Mira\u00e7 Kandilinin g\u00fcnd\u00fcz\u00fcnde d\u00fcnyan\u0131n d\u00f6rt bir yan\u0131ndan gelen M\u00fcsl\u00fcmanlar K\u00e2be\u2019ye ak\u0131n etti. Diyanet \u0130\u015fleri Ba\u015fkanl\u0131\u011f\u0131\u2019na ba\u011fl\u0131 umre gruplar\u0131n\u0131n da yer ald\u0131\u011f\u0131 yo\u011funlukta, umreciler kandilin manevi atmosferini kutsal topraklarda ya\u015fad\u0131.<\/p>\n<p>Mira\u00e7 Kandilinin g\u00fcnd\u00fcz\u00fcnde \u0130slam d\u00fcnyas\u0131n\u0131n kalbi K\u00e2be, milyonlarca M\u00fcsl\u00fcman\u0131n bulu\u015fma noktas\u0131 oldu. Diyanet \u0130\u015fleri Ba\u015fkanl\u0131\u011f\u0131\u2019na ba\u011fl\u0131 umre gruplar\u0131 ba\u015fta olmak \u00fczere, farkl\u0131 \u00fclkelerden umre ibadeti i\u00e7in kutsal topraklarda bulunan M\u00fcsl\u00fcmanlar Mescid-i Haram\u2019a ak\u0131n etti. K\u00e2be, yo\u011funluk nedeniyle adeta mah\u015fer\u00ee bir kalabal\u0131\u011fa sahne oldu. 30-31 Aral\u0131k umre programlar\u0131 kapsam\u0131nda Mekke\u2019ye gelen gruplar da bu anlaml\u0131 g\u00fcnde veda tavaflar\u0131n\u0131 ger\u00e7ekle\u015ftirdi. Mira\u00e7 Kandilinin manevi iklimi, tavaf ve dualarla daha da derin hissedildi. Sinop M\u00fcft\u00fcl\u00fc\u011f\u00fc organizasyonuyla kutsal topraklarda bulunan umrecilerden Y\u0131lmaz \u00d6zt\u00fcrk, &#8220;Umre ibadeti i\u00e7in kutsal topraklarday\u0131z. M\u00fcbarek Mira\u00e7 Kandilini bu y\u0131l K\u00e2be\u2019de idrak edece\u011fiz. Bu manevi atmosferi burada ya\u015famak tarif edilemez bir duygu. Allah\u2019\u0131m yapt\u0131\u011f\u0131m\u0131z ibadetlerimizi umrelerimizi kabul etsin. Peygamberimizin \u015fefaatine bizleri de nail eylesin. G\u00f6nl\u00fcnde Mekke\u2019yi Medine\u2019yi hisseden herkesi Rabbim buralar\u0131 nasip etsin&#8221; dedi.<\/p>\n<p>Denizli \u0130l M\u00fcft\u00fcl\u00fc\u011f\u00fc organizasyonuyla umre ibadetini yerine getiren grup hocas\u0131 Cihan \u015eahan ise Mira\u00e7 Kandilinin anlam ve \u00f6nemine dikkat \u00e7ekti. \u015eahan, Mira\u00e7\u2019\u0131n Peygamber Efendimiz Hz. Muhammed\u2019in Allah\u2019\u0131n huzuruna y\u00fckseldi\u011fi, namaz\u0131n m\u00fcminlere farz k\u0131l\u0131nd\u0131\u011f\u0131 m\u00fcbarek bir gece oldu\u011funu hat\u0131rlatarak, &#8220;Bu m\u00fcstesna gecede K\u00e2be\u2019de bulunmak, ibadet ve dualarla Mira\u00e7 Kandilini idrak etmek b\u00fcy\u00fck bir nasip. T\u00fcm \u0130slam \u00e2lemi i\u00e7in bar\u0131\u015f, huzur ve karde\u015flik diliyoruz. Bu gece yapt\u0131\u011f\u0131m\u0131z t\u00fcm dualar kabul olsun. \u0130steyen herkesi ve bizleri tekrar tekrar rabbim Kabe\u2019de bizleri bulu\u015ftursun\u2019 dedi. Mescid-i Haram\u2019da g\u00fcn boyunca devam eden yo\u011funlukta umreciler, Mira\u00e7 Kandili vesilesiyle dua etti, namaz k\u0131ld\u0131 ve kutsal topraklarda bulunman\u0131n manevi huzurunu ya\u015fad\u0131.<br \/><\/p>\n","protected":false},"excerpt":{"rendered":"<p>Mira\u00e7 Kandilinin g\u00fcnd\u00fcz\u00fcnde d\u00fcnyan\u0131n d\u00f6rt bir yan\u0131ndan gelen M\u00fcsl\u00fcmanlar K\u00e2be\u2019ye ak\u0131n etti. Diyanet \u0130\u015fleri Ba\u015fkanl\u0131\u011f\u0131\u2019na ba\u011fl\u0131 umre gruplar\u0131n\u0131n da yer ald\u0131\u011f\u0131 yo\u011funlukta, umreciler kandilin manevi atmosferini kutsal topraklarda ya\u015fad\u0131. Mira\u00e7 Kandilinin g\u00fcnd\u00fcz\u00fcnde \u0130slam d\u00fcnyas\u0131n\u0131n kalbi K\u00e2be, milyonlarca M\u00fcsl\u00fcman\u0131n bulu\u015fma noktas\u0131 oldu. Diyanet \u0130\u015fleri Ba\u015fkanl\u0131\u011f\u0131\u2019na ba\u011fl\u0131 umre gruplar\u0131 ba\u015fta olmak \u00fczere, farkl\u0131 \u00fclkelerden umre ibadeti i\u00e7in&#8230;<\/p>\n","protected":false},"author":1,"featured_media":80958,"comment_status":"open","ping_status":"open","sticky":false,"template":"","format":"standard","meta":{"_crdt_document":"","footnotes":""},"categories":[1],"tags":[],"class_list":["post-80957","post","type-post","status-publish","format-standard","has-post-thumbnail","hentry","category-guncel"],"_links":{"self":[{"href":"https:\/\/www.egemtv.com\/index.php?rest_route=\/wp\/v2\/posts\/80957","targetHints":{"allow":["GET"]}}],"collection":[{"href":"https:\/\/www.egemtv.com\/index.php?rest_route=\/wp\/v2\/posts"}],"about":[{"href":"https:\/\/www.egemtv.com\/index.php?rest_route=\/wp\/v2\/types\/post"}],"author":[{"embeddable":true,"href":"https:\/\/www.egemtv.com\/index.php?rest_route=\/wp\/v2\/users\/1"}],"replies":[{"embeddable":true,"href":"https:\/\/www.egemtv.com\/index.php?rest_route=%2Fwp%2Fv2%2Fcomments&post=80957"}],"version-history":[{"count":1,"href":"https:\/\/www.egemtv.com\/index.php?rest_route=\/wp\/v2\/posts\/80957\/revisions"}],"predecessor-version":[{"id":80959,"href":"https:\/\/www.egemtv.com\/index.php?rest_route=\/wp\/v2\/posts\/80957\/revisions\/80959"}],"wp:featuredmedia":[{"embeddable":true,"href":"https:\/\/www.egemtv.com\/index.php?rest_route=\/wp\/v2\/media\/80958"}],"wp:attachment":[{"href":"https:\/\/www.egemtv.com\/index.php?rest_route=%2Fwp%2Fv2%2Fmedia&parent=80957"}],"wp:term":[{"taxonomy":"category","embeddable":true,"href":"https:\/\/www.egemtv.com\/index.php?rest_route=%2Fwp%2Fv2%2Fcategories&post=80957"},{"taxonomy":"post_tag","embeddable":true,"href":"https:\/\/www.egemtv.com\/index.php?rest_route=%2Fwp%2Fv2%2Ftags&post=80957"}],"curies":[{"name":"wp","href":"https:\/\/api.w.org\/{rel}","templated":true}]}}