{"id":80954,"date":"2026-01-15T14:35:00","date_gmt":"2026-01-15T11:35:00","guid":{"rendered":"https:\/\/www.egemtv.com\/?p=80954"},"modified":"2026-01-15T14:35:01","modified_gmt":"2026-01-15T11:35:01","slug":"didimde-8-saat-arayla-vefat-eden-kir-cifti-son-yolculuguna-ugurlandi","status":"publish","type":"post","link":"https:\/\/www.egemtv.com\/?p=80954","title":{"rendered":"Didim\u2019de 8 saat arayla vefat eden K\u0131r \u00e7ifti son yolculu\u011funa u\u011furland\u0131"},"content":{"rendered":"<p>Didim \u0130l\u00e7e Milli E\u011fitim \u015eube M\u00fcd\u00fcr\u00fc \u015eakir K\u0131r\u2019\u0131n ayn\u0131 g\u00fcn i\u00e7erisinde 8 saat arayla kaybetti\u011fi anne ve babas\u0131 son yolculu\u011funa u\u011furland\u0131.<br \/>\n<br \/>Didim \u0130l\u00e7e Milli E\u011fitim \u015eube M\u00fcd\u00fcr\u00fc \u015eakir K\u0131r\u2019\u0131n babas\u0131 Mehmet K\u0131r (80) ya\u015fl\u0131l\u0131\u011fa ba\u011fl\u0131 sa\u011fl\u0131k sorunlar\u0131 nedeniyle evinde rahats\u0131zlanmas\u0131 sonucu, ambulansla Didim Devlet Hastanesi\u2019ne kald\u0131r\u0131lm\u0131\u015f, hastanede ent\u00fcbe edilen Mehmet K\u0131r, daha sonra ileri tedavi amac\u0131yla Ayd\u0131n\u2019a sevk edilmi\u015fti. E\u015finin sa\u011fl\u0131k durumuna \u00fcz\u00fclen anne Bahriye K\u0131r (79) ise ayn\u0131 g\u00fcn hastanede fenala\u015farak Didim Devlet Hastanesi yo\u011fun bak\u0131m servisine al\u0131nm\u0131\u015f,  doktorlar\u0131n t\u00fcm m\u00fcdahalelerine ra\u011fmen hayat\u0131n\u0131 kaybetmi\u015fti. Annesinin vefat haberini alan \u015eube M\u00fcd\u00fcr\u00fc \u015eakir K\u0131r\u2019a ac\u0131 haber de Ayd\u0131n\u2019dan gelmi\u015f tedavisi s\u00fcren baba Mehmet K\u0131r\u2019 da ya\u015fam\u0131n\u0131 yitirmi\u015fti.<br \/>\n<br \/>Aslen Didimli olan Bahriye ve Mehmet K\u0131r \u00e7iftinin 8 saat arayla hayat\u0131n\u0131 kaybetmesi il\u00e7ede ve e\u011fitim camias\u0131nda b\u00fcy\u00fck \u00fcz\u00fcnt\u00fcye neden olmu\u015ftu. K\u0131r \u00e7iftinin cenazeleri bug\u00fcn \u00f6\u011fle namaz\u0131na m\u00fcteakip Didim Merkez Camii\u2019nde k\u0131l\u0131nan cenaze namaz\u0131n\u0131n ard\u0131ndan son yolculu\u011funa u\u011furland\u0131. K\u0131r \u00e7ifti dualar e\u015fli\u011finde Didim Asri Mezarl\u0131\u011f\u0131\u2019nda topra\u011fa verildi.<br \/>\n<br \/>Cenaze namaz\u0131na Didim Garnizon Komutan\u0131 Albay Erkut Arslan, Didim Belediye Ba\u015fkan\u0131 Hatice Gen\u00e7ay, Ayd\u0131n \u0130l Milli E\u011fitim M\u00fcd\u00fcr\u00fc Mehmet Yi\u011fit, AK Parti Didim \u0130l\u00e7e Ba\u015fkan\u0131 Mehmet Vela, CHP Didim \u0130l\u00e7e Ba\u015fkan\u0131 Dilaver Demir, Didim \u0130l\u00e7e Milli E\u011fitim M\u00fcd\u00fcr\u00fc \u015eakir Sait \u00dcst\u00fcnda\u011f, oda ba\u015fkanlar\u0131, sivil toplumu \u00f6rg\u00fct\u00fc temsilcileri, baz\u0131 belediye meclis \u00fcyeleri, K\u0131r ailesi ve yak\u0131nlar\u0131 kat\u0131ld\u0131.<br \/><\/p>\n","protected":false},"excerpt":{"rendered":"<p>Didim \u0130l\u00e7e Milli E\u011fitim \u015eube M\u00fcd\u00fcr\u00fc \u015eakir K\u0131r\u2019\u0131n ayn\u0131 g\u00fcn i\u00e7erisinde 8 saat arayla kaybetti\u011fi anne ve babas\u0131 son yolculu\u011funa u\u011furland\u0131. Didim \u0130l\u00e7e Milli E\u011fitim \u015eube M\u00fcd\u00fcr\u00fc \u015eakir K\u0131r\u2019\u0131n babas\u0131 Mehmet K\u0131r (80) ya\u015fl\u0131l\u0131\u011fa ba\u011fl\u0131 sa\u011fl\u0131k sorunlar\u0131 nedeniyle evinde rahats\u0131zlanmas\u0131 sonucu, ambulansla Didim Devlet Hastanesi\u2019ne kald\u0131r\u0131lm\u0131\u015f, hastanede ent\u00fcbe edilen Mehmet K\u0131r, daha sonra ileri tedavi&#8230;<\/p>\n","protected":false},"author":1,"featured_media":80955,"comment_status":"open","ping_status":"open","sticky":false,"template":"","format":"standard","meta":{"_crdt_document":"","footnotes":""},"categories":[1],"tags":[],"class_list":["post-80954","post","type-post","status-publish","format-standard","has-post-thumbnail","hentry","category-guncel"],"_links":{"self":[{"href":"https:\/\/www.egemtv.com\/index.php?rest_route=\/wp\/v2\/posts\/80954","targetHints":{"allow":["GET"]}}],"collection":[{"href":"https:\/\/www.egemtv.com\/index.php?rest_route=\/wp\/v2\/posts"}],"about":[{"href":"https:\/\/www.egemtv.com\/index.php?rest_route=\/wp\/v2\/types\/post"}],"author":[{"embeddable":true,"href":"https:\/\/www.egemtv.com\/index.php?rest_route=\/wp\/v2\/users\/1"}],"replies":[{"embeddable":true,"href":"https:\/\/www.egemtv.com\/index.php?rest_route=%2Fwp%2Fv2%2Fcomments&post=80954"}],"version-history":[{"count":1,"href":"https:\/\/www.egemtv.com\/index.php?rest_route=\/wp\/v2\/posts\/80954\/revisions"}],"predecessor-version":[{"id":80956,"href":"https:\/\/www.egemtv.com\/index.php?rest_route=\/wp\/v2\/posts\/80954\/revisions\/80956"}],"wp:featuredmedia":[{"embeddable":true,"href":"https:\/\/www.egemtv.com\/index.php?rest_route=\/wp\/v2\/media\/80955"}],"wp:attachment":[{"href":"https:\/\/www.egemtv.com\/index.php?rest_route=%2Fwp%2Fv2%2Fmedia&parent=80954"}],"wp:term":[{"taxonomy":"category","embeddable":true,"href":"https:\/\/www.egemtv.com\/index.php?rest_route=%2Fwp%2Fv2%2Fcategories&post=80954"},{"taxonomy":"post_tag","embeddable":true,"href":"https:\/\/www.egemtv.com\/index.php?rest_route=%2Fwp%2Fv2%2Ftags&post=80954"}],"curies":[{"name":"wp","href":"https:\/\/api.w.org\/{rel}","templated":true}]}}