{"id":80951,"date":"2026-01-15T14:15:10","date_gmt":"2026-01-15T11:15:10","guid":{"rendered":"https:\/\/www.egemtv.com\/?p=80951"},"modified":"2026-01-15T14:15:11","modified_gmt":"2026-01-15T11:15:11","slug":"baskan-balabandan-ogrencilerin-projesine-destek","status":"publish","type":"post","link":"https:\/\/www.egemtv.com\/?p=80951","title":{"rendered":"Ba\u015fkan Balaban\u2019dan \u00f6\u011frencilerin projesine destek"},"content":{"rendered":"<p>Yunusemre Belediye Ba\u015fkan\u0131 Semih Balaban, Avrupa Birli\u011fi destekli proje kapsam\u0131nda Manisa\u2019da bulunan \u0130spanya ve Litvanya\u2019dan gelen \u00f6\u011frenci ve \u00f6\u011fretmenleri ziyaret ederek projeye destek mesaj\u0131 verdi.<br \/>\n<br \/>Yunusemre Belediye Ba\u015fkan\u0131 Semih Balaban, Avrupa Birli\u011fi destekli &#8220;Inclusion of Special Education Students Through Art&#8221; (\u00d6zel E\u011fitim \u00d6\u011frencilerinin Sanat Yoluyla Kayna\u015ft\u0131r\u0131lmas\u0131) projesi kapsam\u0131nda Manisa\u2019da bulunan \u0130spanya ve Litvanya\u2019dan gelen \u00f6\u011frenci ve \u00f6\u011fretmenleri ziyaret etti.<br \/>\n<br \/>M\u00fcnire Bayer Ortaokulu\u2019nun ev sahipli\u011finde y\u00fcr\u00fct\u00fclen ve Avrupa Birli\u011fi taraf\u0131ndan desteklenen proje kapsam\u0131nda Yunusemre\u2019de misafir edilen yabanc\u0131 \u00f6\u011frencilerle bir araya gelen Ba\u015fkan Balaban, y\u00fcr\u00fct\u00fclen \u00e7al\u0131\u015fmalara ili\u015fkin bilgi ald\u0131. E\u011fitimde f\u0131rsat e\u015fitli\u011fini esas alan proje; \u0130spanya\u2019dan Colegio San Jose koordinat\u00f6rl\u00fc\u011f\u00fcnde, M\u00fcnire Bayer Ortaokulu, Manisa Celal Bayar \u00dcniversitesi G\u00fczel Sanatlar Fak\u00fcltesi ve Litvanya\u2019dan Daugu Mirano Gimnasium ortakl\u0131\u011f\u0131nda ger\u00e7ekle\u015ftiriliyor.<br \/>\n<br \/>Projenin \u00fc\u00e7\u00fcnc\u00fc dura\u011f\u0131 olan Manisa\u2019da, \u00f6zel e\u011fitim \u00f6\u011frencilerinin sanat yoluyla sosyal hayata kat\u0131l\u0131m\u0131n\u0131n art\u0131r\u0131lmas\u0131 hedefleniyor. Bu kapsamda \u0130spanya ve Litvanya\u2019dan gelen 8 \u00f6\u011frenci ve 4 \u00f6\u011fretmen, \u00e7ini boyama ve ebru sanat\u0131 gibi Geleneksel T\u00fcrk Sanatlar\u0131n\u0131 tan\u0131yarak etkinliklere kat\u0131ld\u0131. Sanat \u00e7al\u0131\u015fmalar\u0131 sayesinde \u00f6\u011frenciler hem el becerilerini geli\u015ftirdi hem de farkl\u0131 k\u00fclt\u00fcrlerden akranlar\u0131yla ileti\u015fim kurma imk\u00e2n\u0131 buldu.<br \/>\n<br \/>Ziyaret s\u0131ras\u0131nda konu\u015fan Yunusemre Belediye Ba\u015fkan\u0131 Semih Balaban, e\u011fitimi ve k\u00fclt\u00fcrel projeleri \u00e7ok \u00f6nemsediklerini belirterek, &#8220;\u00d6zel e\u011fitim \u00f6\u011frencilerimizin sanat yoluyla topluma kazand\u0131r\u0131lmas\u0131 son derece k\u0131ymetlidir. Sanat, farkl\u0131 dilleri konu\u015fan insanlar\u0131 ortak bir duyguda bulu\u015fturur. Yunusemre Belediyesi olarak insan\u0131 merkeze alan her projeye destek vermeye devam edece\u011fiz&#8221; dedi.<br \/>\n<br \/>Proje kapsam\u0131nda misafir \u00f6\u011frenci ve \u00f6\u011fretmenler, Yunusemre Belediyesi\u2019nin katk\u0131lar\u0131yla Manisa\u2019n\u0131n tarihi ve turistik noktalar\u0131n\u0131 da ziyaret ederek kentin k\u00fclt\u00fcrel miras\u0131n\u0131 yak\u0131ndan tan\u0131ma f\u0131rsat\u0131 buldu.<br \/><\/p>\n","protected":false},"excerpt":{"rendered":"<p>Yunusemre Belediye Ba\u015fkan\u0131 Semih Balaban, Avrupa Birli\u011fi destekli proje kapsam\u0131nda Manisa\u2019da bulunan \u0130spanya ve Litvanya\u2019dan gelen \u00f6\u011frenci ve \u00f6\u011fretmenleri ziyaret ederek projeye destek mesaj\u0131 verdi. Yunusemre Belediye Ba\u015fkan\u0131 Semih Balaban, Avrupa Birli\u011fi destekli &#8220;Inclusion of Special Education Students Through Art&#8221; (\u00d6zel E\u011fitim \u00d6\u011frencilerinin Sanat Yoluyla Kayna\u015ft\u0131r\u0131lmas\u0131) projesi kapsam\u0131nda Manisa\u2019da bulunan \u0130spanya ve Litvanya\u2019dan gelen \u00f6\u011frenci&#8230;<\/p>\n","protected":false},"author":1,"featured_media":80952,"comment_status":"open","ping_status":"open","sticky":false,"template":"","format":"standard","meta":{"_crdt_document":"","footnotes":""},"categories":[1],"tags":[],"class_list":["post-80951","post","type-post","status-publish","format-standard","has-post-thumbnail","hentry","category-guncel"],"_links":{"self":[{"href":"https:\/\/www.egemtv.com\/index.php?rest_route=\/wp\/v2\/posts\/80951","targetHints":{"allow":["GET"]}}],"collection":[{"href":"https:\/\/www.egemtv.com\/index.php?rest_route=\/wp\/v2\/posts"}],"about":[{"href":"https:\/\/www.egemtv.com\/index.php?rest_route=\/wp\/v2\/types\/post"}],"author":[{"embeddable":true,"href":"https:\/\/www.egemtv.com\/index.php?rest_route=\/wp\/v2\/users\/1"}],"replies":[{"embeddable":true,"href":"https:\/\/www.egemtv.com\/index.php?rest_route=%2Fwp%2Fv2%2Fcomments&post=80951"}],"version-history":[{"count":1,"href":"https:\/\/www.egemtv.com\/index.php?rest_route=\/wp\/v2\/posts\/80951\/revisions"}],"predecessor-version":[{"id":80953,"href":"https:\/\/www.egemtv.com\/index.php?rest_route=\/wp\/v2\/posts\/80951\/revisions\/80953"}],"wp:featuredmedia":[{"embeddable":true,"href":"https:\/\/www.egemtv.com\/index.php?rest_route=\/wp\/v2\/media\/80952"}],"wp:attachment":[{"href":"https:\/\/www.egemtv.com\/index.php?rest_route=%2Fwp%2Fv2%2Fmedia&parent=80951"}],"wp:term":[{"taxonomy":"category","embeddable":true,"href":"https:\/\/www.egemtv.com\/index.php?rest_route=%2Fwp%2Fv2%2Fcategories&post=80951"},{"taxonomy":"post_tag","embeddable":true,"href":"https:\/\/www.egemtv.com\/index.php?rest_route=%2Fwp%2Fv2%2Ftags&post=80951"}],"curies":[{"name":"wp","href":"https:\/\/api.w.org\/{rel}","templated":true}]}}