{"id":80948,"date":"2026-01-15T14:15:09","date_gmt":"2026-01-15T11:15:09","guid":{"rendered":"https:\/\/www.egemtv.com\/?p=80948"},"modified":"2026-01-15T14:15:10","modified_gmt":"2026-01-15T11:15:10","slug":"datcadaki-bir-marinadaki-motoryat-yangini-panige-neden-oldu","status":"publish","type":"post","link":"https:\/\/www.egemtv.com\/?p=80948","title":{"rendered":"Dat\u00e7a\u2019daki bir marinadaki motoryat yang\u0131n\u0131 pani\u011fe neden oldu"},"content":{"rendered":"<p>Mu\u011fla\u2019n\u0131n Dat\u00e7a il\u00e7esindeki bir marinada demirli haldeki bir motoryatta \u00e7\u0131kan yang\u0131n, k\u0131sa s\u00fcreli pani\u011fe yol a\u00e7t\u0131. Hen\u00fcz kesin \u00e7\u0131k\u0131\u015f nedeni belirlenemeyen yang\u0131n, ekiplerin h\u0131zl\u0131 ve koordineli m\u00fcdahalesi sayesinde b\u00fcy\u00fcmeden kontrol alt\u0131na al\u0131nd\u0131.<br \/>\n<br \/>Edinilen bilgilere g\u00f6re, marinaya ba\u011fl\u0131 motoryatta hen\u00fcz bilinmeyen bir nedenle yang\u0131n \u00e7\u0131kt\u0131. Yattan y\u00fckselen yo\u011fun dumanlar\u0131 fark eden marina g\u00f6revlileri durumu yetkililere bildirdi. \u0130hbar \u00fczerine b\u00f6lgeye itfaiye ve sahil g\u00fcvenlik ekipleri sevk edildi. Olay yerine ula\u015fan ekipler yang\u0131na m\u00fcdahale ederken, alevlerin marinada bulunan di\u011fer teknelere s\u0131\u00e7ramas\u0131 engellendi. K\u0131sa s\u00fcrede kontrol alt\u0131na al\u0131nan yang\u0131n\u0131n ard\u0131ndan motoryatta so\u011futma \u00e7al\u0131\u015fmas\u0131 yap\u0131ld\u0131. Yang\u0131n s\u0131ras\u0131nda teknede kimsenin bulunmad\u0131\u011f\u0131 \u00f6\u011frenilirken, motoryatta maddi hasar meydana geldi.<br \/>\n<br \/>Marinada k\u0131sa s\u00fcreli endi\u015feye neden olan olayla ilgili inceleme ba\u015flat\u0131l\u0131rken, yang\u0131n\u0131n kesin \u00e7\u0131k\u0131\u015f nedeninin yap\u0131lacak teknik de\u011ferlendirmelerin ard\u0131ndan netlik kazanaca\u011f\u0131 bildirildi.<br \/><\/p>\n","protected":false},"excerpt":{"rendered":"<p>Mu\u011fla\u2019n\u0131n Dat\u00e7a il\u00e7esindeki bir marinada demirli haldeki bir motoryatta \u00e7\u0131kan yang\u0131n, k\u0131sa s\u00fcreli pani\u011fe yol a\u00e7t\u0131. Hen\u00fcz kesin \u00e7\u0131k\u0131\u015f nedeni belirlenemeyen yang\u0131n, ekiplerin h\u0131zl\u0131 ve koordineli m\u00fcdahalesi sayesinde b\u00fcy\u00fcmeden kontrol alt\u0131na al\u0131nd\u0131. Edinilen bilgilere g\u00f6re, marinaya ba\u011fl\u0131 motoryatta hen\u00fcz bilinmeyen bir nedenle yang\u0131n \u00e7\u0131kt\u0131. Yattan y\u00fckselen yo\u011fun dumanlar\u0131 fark eden marina g\u00f6revlileri durumu yetkililere bildirdi&#8230;.<\/p>\n","protected":false},"author":1,"featured_media":80949,"comment_status":"open","ping_status":"open","sticky":false,"template":"","format":"standard","meta":{"_crdt_document":"","footnotes":""},"categories":[5],"tags":[],"class_list":["post-80948","post","type-post","status-publish","format-standard","has-post-thumbnail","hentry","category-asayis"],"_links":{"self":[{"href":"https:\/\/www.egemtv.com\/index.php?rest_route=\/wp\/v2\/posts\/80948","targetHints":{"allow":["GET"]}}],"collection":[{"href":"https:\/\/www.egemtv.com\/index.php?rest_route=\/wp\/v2\/posts"}],"about":[{"href":"https:\/\/www.egemtv.com\/index.php?rest_route=\/wp\/v2\/types\/post"}],"author":[{"embeddable":true,"href":"https:\/\/www.egemtv.com\/index.php?rest_route=\/wp\/v2\/users\/1"}],"replies":[{"embeddable":true,"href":"https:\/\/www.egemtv.com\/index.php?rest_route=%2Fwp%2Fv2%2Fcomments&post=80948"}],"version-history":[{"count":1,"href":"https:\/\/www.egemtv.com\/index.php?rest_route=\/wp\/v2\/posts\/80948\/revisions"}],"predecessor-version":[{"id":80950,"href":"https:\/\/www.egemtv.com\/index.php?rest_route=\/wp\/v2\/posts\/80948\/revisions\/80950"}],"wp:featuredmedia":[{"embeddable":true,"href":"https:\/\/www.egemtv.com\/index.php?rest_route=\/wp\/v2\/media\/80949"}],"wp:attachment":[{"href":"https:\/\/www.egemtv.com\/index.php?rest_route=%2Fwp%2Fv2%2Fmedia&parent=80948"}],"wp:term":[{"taxonomy":"category","embeddable":true,"href":"https:\/\/www.egemtv.com\/index.php?rest_route=%2Fwp%2Fv2%2Fcategories&post=80948"},{"taxonomy":"post_tag","embeddable":true,"href":"https:\/\/www.egemtv.com\/index.php?rest_route=%2Fwp%2Fv2%2Ftags&post=80948"}],"curies":[{"name":"wp","href":"https:\/\/api.w.org\/{rel}","templated":true}]}}