{"id":80945,"date":"2026-01-15T13:55:38","date_gmt":"2026-01-15T10:55:38","guid":{"rendered":"https:\/\/www.egemtv.com\/?p=80945"},"modified":"2026-01-15T13:55:39","modified_gmt":"2026-01-15T10:55:39","slug":"buyuksehirden-depreme-karsi-direncli-kent-adimi","status":"publish","type":"post","link":"https:\/\/www.egemtv.com\/?p=80945","title":{"rendered":"B\u00fcy\u00fck\u015fehir\u2019den depreme kar\u015f\u0131 diren\u00e7li kent ad\u0131m\u0131"},"content":{"rendered":"<p>Mu\u011fla B\u00fcy\u00fck\u015fehir Belediyesi, kenti depremlere kar\u015f\u0131 daha haz\u0131rl\u0131kl\u0131 hale getirmek ve diren\u00e7li kent kimli\u011fi kazand\u0131rmak amac\u0131yla ba\u015flatt\u0131\u011f\u0131 mikrob\u00f6lgeleme et\u00fct \u00e7al\u0131\u015fmalar\u0131nda sona yakla\u015ft\u0131. Afet risklerini azaltmaya y\u00f6nelik y\u00fcr\u00fct\u00fclen \u00e7al\u0131\u015fmalar kapsam\u0131nda, bir\u00e7ok il\u00e7ede et\u00fct s\u00fcreci tamamlan\u0131rken, kalan alanlarda son \u00e7al\u0131\u015fmalar ger\u00e7ekle\u015ftiriliyor.<br \/>\n<br \/>B\u00fcy\u00fck\u015fehir taraf\u0131ndan afetlere haz\u0131r, s\u00fcrd\u00fcr\u00fclebilir, sa\u011fl\u0131kl\u0131 ve g\u00fcvenli bir kent olu\u015fturma hedefiyle y\u00fcr\u00fct\u00fclen mikrob\u00f6lgeleme et\u00fctleri; yerle\u015fim alanlar\u0131n\u0131n jeolojik yap\u0131s\u0131n\u0131n ayr\u0131nt\u0131l\u0131 bi\u00e7imde analiz edilmesini, zemin \u00f6zelliklerinin bilimsel verilerle ortaya konmas\u0131n\u0131 ve muhtemel do\u011fal tehlikelerin belirlenmesini ama\u00e7l\u0131yor. \u00c7al\u0131\u015fmalarla, Mu\u011fla\u2019n\u0131n deprem riskinin azalt\u0131lmas\u0131, sa\u011fl\u0131kl\u0131 ya\u015fam alanlar\u0131n\u0131n planlanmas\u0131 ve muhtemel bir depremde can kay\u0131plar\u0131n\u0131n en aza indirilmesi hedefleniyor.<br \/>\n<br \/>Bu do\u011frultuda y\u00fcr\u00fct\u00fclen et\u00fct \u00e7al\u0131\u015fmalar\u0131 Mente\u015fe, Seydikemer, Marmaris, Milas, Ortaca, Fethiye, Ula ve Dalaman il\u00e7elerinde tamamland\u0131. \u0130l genelinde ba\u015flat\u0131lan \u00e7al\u0131\u015fmalar\u0131n, kalan il\u00e7elerde de belirlenen takvim do\u011frultusunda tamamlanmas\u0131 planlan\u0131yor.<br \/>\n<br \/>Mikrob\u00f6lgeleme et\u00fctleri; mevcut ya da yeni a\u00e7\u0131lacak yerle\u015fim alanlar\u0131nda deprem, zemin s\u0131v\u0131la\u015fmas\u0131, heyelan ve benzeri tehlikelerin belirlenmesine y\u00f6nelik olarak ger\u00e7ekle\u015ftiriliyor. Bu \u00e7al\u0131\u015fmalar kapsam\u0131nda, arazinin jeolojik yap\u0131s\u0131 detayl\u0131 bi\u00e7imde incelenerek yerel zemin \u015fartlar\u0131n\u0131 ve riskleri g\u00f6steren haritalar haz\u0131rlan\u0131yor. Elde edilen veriler, imar planlar\u0131na ve yap\u0131la\u015fma kararlar\u0131na bilimsel altyap\u0131 olu\u015fturacak nitelik ta\u015f\u0131yor.<br \/>\n<br \/>Ba\u015fkan Aras: &#8220;\u015eehirlerimizi afetlere kar\u015f\u0131 diren\u00e7li hale getirmek zorunday\u0131z&#8221;<br \/>\n<br \/>&#8220;T\u00fcrkiye bir deprem \u00fclkesi ve bizler yerel y\u00f6netimler olarak bu ger\u00e7e\u011fi g\u00f6z ard\u0131 edemeyiz. \u015eehirlerimizi afetlere kar\u015f\u0131 daha diren\u00e7li hale getirmek zorunday\u0131z. Bu sorumluluk yaln\u0131zca bug\u00fcn\u00fc de\u011fil, gelece\u011fi de kaps\u0131yor. Ge\u00e7ti\u011fimiz y\u0131l bu anlay\u0131\u015fla K\u0131y\u0131 Ege\u2019de Deprem Ger\u00e7e\u011fi ve Afet Y\u00f6netimi \u00c7al\u0131\u015ftay\u0131n\u0131 ger\u00e7ekle\u015ftirdik. Bu \u00e7al\u0131\u015fmalarla yerle\u015fim alanlar\u0131m\u0131z\u0131n jeolojik yap\u0131s\u0131n\u0131 bilimsel ara\u015ft\u0131rmalarla ortaya koyuyor, imar planlar\u0131m\u0131z\u0131 ve yap\u0131la\u015fma kararlar\u0131m\u0131z\u0131 bu verilere g\u00f6re \u015fekillendiriyoruz. Mikrob\u00f6lgeleme et\u00fctleri yaln\u0131zca teknik bir \u00e7al\u0131\u015fma de\u011fil, ayn\u0131 zamanda kentimizin gelece\u011fine dair bir yol haritas\u0131d\u0131r. T\u00fcm il\u00e7elerimizde \u00e7al\u0131\u015fmalar tamamland\u0131\u011f\u0131nda elde edilecek veriler, Mu\u011fla\u2019n\u0131n planl\u0131 geli\u015fimi ve g\u00fcvenli yap\u0131la\u015fmas\u0131 i\u00e7in bizlere rehber olacakt\u0131r. Afetler ya\u015fand\u0131ktan sonra m\u00fcdahale eden de\u011fil, afetler ya\u015fanmadan \u00f6nce riskleri azaltan bir belediyecilik anlay\u0131\u015f\u0131n\u0131 esas al\u0131yoruz. Deprem de\u011fil, bina \u00f6ld\u00fcr\u00fcr ger\u00e7e\u011finden hareketle, bilimsel veriler \u0131\u015f\u0131\u011f\u0131nda depreme haz\u0131rl\u0131klar\u0131m\u0131z\u0131 bu do\u011frultuda yap\u0131yoruz. Amac\u0131m\u0131z Mu\u011fla\u2019y\u0131 daha g\u00fcvenli, daha sa\u011fl\u0131kl\u0131 ve daha diren\u00e7li bir kent haline getirmektir&#8221;<br \/><\/p>\n","protected":false},"excerpt":{"rendered":"<p>Mu\u011fla B\u00fcy\u00fck\u015fehir Belediyesi, kenti depremlere kar\u015f\u0131 daha haz\u0131rl\u0131kl\u0131 hale getirmek ve diren\u00e7li kent kimli\u011fi kazand\u0131rmak amac\u0131yla ba\u015flatt\u0131\u011f\u0131 mikrob\u00f6lgeleme et\u00fct \u00e7al\u0131\u015fmalar\u0131nda sona yakla\u015ft\u0131. Afet risklerini azaltmaya y\u00f6nelik y\u00fcr\u00fct\u00fclen \u00e7al\u0131\u015fmalar kapsam\u0131nda, bir\u00e7ok il\u00e7ede et\u00fct s\u00fcreci tamamlan\u0131rken, kalan alanlarda son \u00e7al\u0131\u015fmalar ger\u00e7ekle\u015ftiriliyor. B\u00fcy\u00fck\u015fehir taraf\u0131ndan afetlere haz\u0131r, s\u00fcrd\u00fcr\u00fclebilir, sa\u011fl\u0131kl\u0131 ve g\u00fcvenli bir kent olu\u015fturma hedefiyle y\u00fcr\u00fct\u00fclen mikrob\u00f6lgeleme et\u00fctleri; yerle\u015fim&#8230;<\/p>\n","protected":false},"author":1,"featured_media":80946,"comment_status":"open","ping_status":"open","sticky":false,"template":"","format":"standard","meta":{"_crdt_document":"","footnotes":""},"categories":[1],"tags":[],"class_list":["post-80945","post","type-post","status-publish","format-standard","has-post-thumbnail","hentry","category-guncel"],"_links":{"self":[{"href":"https:\/\/www.egemtv.com\/index.php?rest_route=\/wp\/v2\/posts\/80945","targetHints":{"allow":["GET"]}}],"collection":[{"href":"https:\/\/www.egemtv.com\/index.php?rest_route=\/wp\/v2\/posts"}],"about":[{"href":"https:\/\/www.egemtv.com\/index.php?rest_route=\/wp\/v2\/types\/post"}],"author":[{"embeddable":true,"href":"https:\/\/www.egemtv.com\/index.php?rest_route=\/wp\/v2\/users\/1"}],"replies":[{"embeddable":true,"href":"https:\/\/www.egemtv.com\/index.php?rest_route=%2Fwp%2Fv2%2Fcomments&post=80945"}],"version-history":[{"count":1,"href":"https:\/\/www.egemtv.com\/index.php?rest_route=\/wp\/v2\/posts\/80945\/revisions"}],"predecessor-version":[{"id":80947,"href":"https:\/\/www.egemtv.com\/index.php?rest_route=\/wp\/v2\/posts\/80945\/revisions\/80947"}],"wp:featuredmedia":[{"embeddable":true,"href":"https:\/\/www.egemtv.com\/index.php?rest_route=\/wp\/v2\/media\/80946"}],"wp:attachment":[{"href":"https:\/\/www.egemtv.com\/index.php?rest_route=%2Fwp%2Fv2%2Fmedia&parent=80945"}],"wp:term":[{"taxonomy":"category","embeddable":true,"href":"https:\/\/www.egemtv.com\/index.php?rest_route=%2Fwp%2Fv2%2Fcategories&post=80945"},{"taxonomy":"post_tag","embeddable":true,"href":"https:\/\/www.egemtv.com\/index.php?rest_route=%2Fwp%2Fv2%2Ftags&post=80945"}],"curies":[{"name":"wp","href":"https:\/\/api.w.org\/{rel}","templated":true}]}}