{"id":80942,"date":"2026-01-15T13:55:37","date_gmt":"2026-01-15T10:55:37","guid":{"rendered":"https:\/\/www.egemtv.com\/?p=80942"},"modified":"2026-01-15T13:55:38","modified_gmt":"2026-01-15T10:55:38","slug":"usakta-yuksek-ses-abarti-egzoz-drifte-ve-tehlike-arac-kullanima-gecit-yok","status":"publish","type":"post","link":"https:\/\/www.egemtv.com\/?p=80942","title":{"rendered":"U\u015fak\u2019ta y\u00fcksek ses, abart\u0131 egzoz, drifte ve tehlike ara\u00e7 kullan\u0131ma ge\u00e7it yok"},"content":{"rendered":"<p>U\u015fak Valisi Naci Akta\u015f, G\u00fcvenlik ve Asayi\u015f Bilgilendirme Toplant\u0131s\u0131\u2019nda, 1 Ocak-31 Aral\u0131k 2025 tarihleri aras\u0131ndaki asayi\u015f, ter\u00f6r, ka\u00e7ak\u00e7\u0131l\u0131k ve organize su\u00e7lar, g\u00f6\u00e7men ka\u00e7ak\u00e7\u0131l\u0131\u011f\u0131, siber su\u00e7lar ile trafik konular\u0131na ili\u015fkin detayl\u0131 bilgiler verdi.<br \/>\n<br \/>U\u015fak Valisi Naci Akta\u015f, Valilik binas\u0131nda d\u00fczenlenen bas\u0131n toplant\u0131s\u0131nda il genelindeki g\u00fcvenlik de\u011ferlendirme verilerini vatanda\u015flarla payla\u015ft\u0131. \u0130l Emniyet M\u00fcd\u00fcr\u00fc Taner \u00c7ift\u00e7i ve \u0130l Jandarma Komutan\u0131 K\u0131demli Albay \u00d6zg\u00fcr K\u0131l\u0131\u00e7 ile birlikte kentteki g\u00fcvenlik durumu hakk\u0131nda bilgi veren Vali Akta\u015f, asayi\u015f, ter\u00f6r, ka\u00e7ak\u00e7\u0131l\u0131k ve organize su\u00e7lar, g\u00f6\u00e7men ka\u00e7ak\u00e7\u0131l\u0131\u011f\u0131, siber su\u00e7lar ile trafik konular\u0131na de\u011findi.<\/p>\n<p>1 Ocak-31 Aral\u0131k 2025 tarihleri aras\u0131nda ki\u015filere kar\u015f\u0131 i\u015flenen su\u00e7larda 4 bin 151, mal varl\u0131\u011f\u0131na kar\u015f\u0131 i\u015flenen su\u00e7larda ise 527 olay meydana geldi. Bu olaylarda ayd\u0131nlatma oran\u0131 ki\u015filere kar\u015f\u0131 i\u015flenen su\u00e7larda y\u00fczde 99,5, mal varl\u0131\u011f\u0131na kar\u015f\u0131 i\u015flenen su\u00e7larda ise y\u00fczde 86,5 olarak ger\u00e7ekle\u015fti. Yap\u0131lan \u00e7al\u0131\u015fmalar neticesinde kesinle\u015fmi\u015f hapis cezas\u0131 bulunan bin 535 aranan ki\u015fi yakalanarak haklar\u0131nda i\u015flem yap\u0131ld\u0131. Yakalanan \u015fah\u0131slardan 0-5 y\u0131l aras\u0131 kesinle\u015fmi\u015f cezas\u0131 bulunan bin 456 ki\u015fi, 5-10 y\u0131l aras\u0131 cezas\u0131 bulunan 56 ki\u015fi ve 10 y\u0131l ve \u00fczeri kesinle\u015fmi\u015f hapis cezas\u0131 bulunan 23 ki\u015fi oldu\u011fu belirtildi.<\/p>\n<p>2025 y\u0131l\u0131 i\u00e7erisinde ruhsats\u0131z silah ve silah ka\u00e7ak\u00e7\u0131l\u0131\u011f\u0131na y\u00f6nelik ger\u00e7ekle\u015ftirilen operasyonlarda 82 kurus\u0131k\u0131 tabanca, 192 tabanca, 4 uzun namlulu silah ve 193 av t\u00fcfe\u011fi olmak \u00fczere toplam 471 silah ele ge\u00e7irildi. Ele ge\u00e7irilen silahlarla ilgili 528 \u015f\u00fcpheli hakk\u0131nda i\u015flem yap\u0131ld\u0131.<\/p>\n<p>U\u015fak\u2019ta 731 bin 223 ara\u00e7 sorguland\u0131<br \/>\n<br \/>Vali Akta\u015f, toplamda 731 bin 223 arac\u0131n sorguland\u0131\u011f\u0131n\u0131, bu ara\u00e7lardan 108 bin 350\u2019sine i\u015flem yap\u0131ld\u0131\u011f\u0131n\u0131 belirtti. Denetimler kapsam\u0131nda 2 bin 455 ticari taksi ve 3 bin 714 servis arac\u0131n\u0131n kontrol edildi\u011fini aktaran Akta\u015f, ticari taksilerden 261\u2019ine, servis ara\u00e7lar\u0131ndan ise 138\u2019ine i\u015flem uyguland\u0131\u011f\u0131n\u0131 s\u00f6yledi. Ayr\u0131ca, &#8220;G\u00fcvenli Okul G\u00fcvenli Gelecek Projesi&#8221; kapsam\u0131nda okul ve \u00e7evrelerindeki denetimlerin aral\u0131ks\u0131z s\u00fcrd\u00fcr\u00fclece\u011fini ifade etti.<\/p>\n<p>Y\u00fcksek ses, abart\u0131 egzoz, drift ve tehlikeli ara\u00e7 kullan\u0131m\u0131na ge\u00e7it yok<br \/>\n<br \/>Vali Akta\u015f, y\u00fcksek ses, abart\u0131 egzoz, drift ile sayg\u0131s\u0131z ve tehlikeli ara\u00e7 kullan\u0131m\u0131na y\u00f6nelik denetimlerin aral\u0131ks\u0131z devam etti\u011fini s\u00f6yledi. 2025 y\u0131l\u0131 i\u00e7erisinde 1 bin 55 araca abart\u0131 egzoz, 269 araca drift, 5 bin 360 araca y\u00fcksek sesle m\u00fczik dinlemek ve 457 araca sayg\u0131s\u0131z ve tehlikeli ara\u00e7 kullanmaktan i\u015flem yap\u0131ld\u0131\u011f\u0131n\u0131 belirten Akta\u015f, 2025 y\u0131l\u0131 i\u00e7eresinde toplam 22 milyon 725 bin 835 TL idari para cezas\u0131 uyguland\u0131\u011f\u0131n\u0131 kaydetti.<\/p>\n<p>Uyu\u015fturucu operasyonlar\u0131nda 271 ki\u015fi tutukland\u0131<br \/>\n<br \/>Uyu\u015fturucuyla m\u00fccadele kapsam\u0131nda imal, ticaret ve kullan\u0131c\u0131larla m\u00fccadele olmak \u00fczere iki koldan \u00e7al\u0131\u015fma y\u00fcr\u00fct\u00fcld\u00fc\u011f\u00fcn\u00fc ifade eden Vali Akta\u015f, uyu\u015fturucu imal ve ticaretine y\u00f6nelik 918 operasyon ger\u00e7ekle\u015ftirildi\u011fini s\u00f6yledi. Operasyonlarda 66 bin 780 gram esrar, eroin, kokain, metamfetamin, bonzai ve afyon sak\u0131z\u0131, 604 bin 2 adet extacy, captagon ve sentetik ecza ile 5 bin 122 k\u00f6k kenevir ele ge\u00e7irildi. Operasyonlar sonucunda yakalanan \u015f\u00fcphelilerden 271\u2019i tutuklan\u0131rken, bin 12 ki\u015fi adli kontrol \u015fart\u0131yla serbest b\u0131rak\u0131ld\u0131.<br \/><\/p>\n","protected":false},"excerpt":{"rendered":"<p>U\u015fak Valisi Naci Akta\u015f, G\u00fcvenlik ve Asayi\u015f Bilgilendirme Toplant\u0131s\u0131\u2019nda, 1 Ocak-31 Aral\u0131k 2025 tarihleri aras\u0131ndaki asayi\u015f, ter\u00f6r, ka\u00e7ak\u00e7\u0131l\u0131k ve organize su\u00e7lar, g\u00f6\u00e7men ka\u00e7ak\u00e7\u0131l\u0131\u011f\u0131, siber su\u00e7lar ile trafik konular\u0131na ili\u015fkin detayl\u0131 bilgiler verdi. U\u015fak Valisi Naci Akta\u015f, Valilik binas\u0131nda d\u00fczenlenen bas\u0131n toplant\u0131s\u0131nda il genelindeki g\u00fcvenlik de\u011ferlendirme verilerini vatanda\u015flarla payla\u015ft\u0131. \u0130l Emniyet M\u00fcd\u00fcr\u00fc Taner \u00c7ift\u00e7i ve \u0130l&#8230;<\/p>\n","protected":false},"author":1,"featured_media":80943,"comment_status":"open","ping_status":"open","sticky":false,"template":"","format":"standard","meta":{"_crdt_document":"","footnotes":""},"categories":[5],"tags":[],"class_list":["post-80942","post","type-post","status-publish","format-standard","has-post-thumbnail","hentry","category-asayis"],"_links":{"self":[{"href":"https:\/\/www.egemtv.com\/index.php?rest_route=\/wp\/v2\/posts\/80942","targetHints":{"allow":["GET"]}}],"collection":[{"href":"https:\/\/www.egemtv.com\/index.php?rest_route=\/wp\/v2\/posts"}],"about":[{"href":"https:\/\/www.egemtv.com\/index.php?rest_route=\/wp\/v2\/types\/post"}],"author":[{"embeddable":true,"href":"https:\/\/www.egemtv.com\/index.php?rest_route=\/wp\/v2\/users\/1"}],"replies":[{"embeddable":true,"href":"https:\/\/www.egemtv.com\/index.php?rest_route=%2Fwp%2Fv2%2Fcomments&post=80942"}],"version-history":[{"count":1,"href":"https:\/\/www.egemtv.com\/index.php?rest_route=\/wp\/v2\/posts\/80942\/revisions"}],"predecessor-version":[{"id":80944,"href":"https:\/\/www.egemtv.com\/index.php?rest_route=\/wp\/v2\/posts\/80942\/revisions\/80944"}],"wp:featuredmedia":[{"embeddable":true,"href":"https:\/\/www.egemtv.com\/index.php?rest_route=\/wp\/v2\/media\/80943"}],"wp:attachment":[{"href":"https:\/\/www.egemtv.com\/index.php?rest_route=%2Fwp%2Fv2%2Fmedia&parent=80942"}],"wp:term":[{"taxonomy":"category","embeddable":true,"href":"https:\/\/www.egemtv.com\/index.php?rest_route=%2Fwp%2Fv2%2Fcategories&post=80942"},{"taxonomy":"post_tag","embeddable":true,"href":"https:\/\/www.egemtv.com\/index.php?rest_route=%2Fwp%2Fv2%2Ftags&post=80942"}],"curies":[{"name":"wp","href":"https:\/\/api.w.org\/{rel}","templated":true}]}}