{"id":80939,"date":"2026-01-15T13:55:36","date_gmt":"2026-01-15T10:55:36","guid":{"rendered":"https:\/\/www.egemtv.com\/?p=80939"},"modified":"2026-01-15T13:55:37","modified_gmt":"2026-01-15T10:55:37","slug":"usak-belediyesi-haserelere-karsi-gereken-onlemleri-aldi","status":"publish","type":"post","link":"https:\/\/www.egemtv.com\/?p=80939","title":{"rendered":"U\u015fak Belediyesi ha\u015ferelere kar\u015f\u0131 gereken \u00f6nlemleri ald\u0131"},"content":{"rendered":"<p>U\u015fak Belediyesi halk sa\u011fl\u0131\u011f\u0131n\u0131 korumak, vatanda\u015flar\u0131n ya\u015fam kalitesini art\u0131rmak ve tar\u0131m alanlar\u0131n\u0131n zarar g\u00f6rmesini engellemek amac\u0131yla kent genelinde vekt\u00f6rle m\u00fccadelesini aral\u0131ks\u0131z olarak s\u00fcrd\u00fcr\u00fcyor.<br \/>\n<br \/>U\u015fak Belediyesi\u2019ne ba\u011fl\u0131 Veteriner \u0130\u015fleri M\u00fcd\u00fcrl\u00fc\u011f\u00fc b\u00fcnyesinde faaliyet g\u00f6steren Vekt\u00f6r M\u00fccadele ve \u0130la\u00e7lama Birimi taraf\u0131ndan, insan sa\u011fl\u0131\u011f\u0131 a\u00e7\u0131s\u0131ndan risk olu\u015fturabilecek ha\u015ferelere kar\u015f\u0131 \u00e7evreye duyarl\u0131 ila\u00e7lama \u00e7al\u0131\u015fmalar\u0131 yap\u0131l\u0131yor.  Bu kapsamda yaz sezonu boyunca ba\u015fta sivrisinek, karasinek, hamamb\u00f6ce\u011fi, pire ve kene olmak \u00fczere \u00e7e\u015fitli hastal\u0131klara vekt\u00f6rl\u00fck yapabilen ha\u015ferelere kar\u015f\u0131 d\u00fczenli olarak fiziksel ve kimyasal m\u00fccadele \u00e7al\u0131\u015fmalar\u0131 ger\u00e7ekle\u015ftiriliyor. Yap\u0131lan uygulamalarda, hedef d\u0131\u015f\u0131 canl\u0131lar\u0131n ve ha\u015ferelerin do\u011fal d\u00fc\u015fmanlar\u0131n\u0131n zarar g\u00f6rmemesine \u00f6zellikle dikkat edilerek \u00e7evre ve ekosistem dengesi g\u00f6zetiliyor.<\/p>\n<p>\u00d6te yandan ha\u015fere pop\u00fclasyonunun kontrol alt\u0131nda tutulmas\u0131 amac\u0131yla k\u0131\u015flak m\u00fccadele \u00e7al\u0131\u015fmalar\u0131 kesintisiz bir \u015fekilde y\u0131l boyunca s\u00fcrd\u00fcr\u00fcl\u00fcrken, \u00e7al\u0131\u015fmalar kapsam\u0131nda \u00f6zellikle ergin sivrisinek t\u00fcrlerinin k\u0131\u015flad\u0131\u011f\u0131 alanlar hedef al\u0131n\u0131yor. Bu kapsamda kanalizasyon sistemleri, r\u00f6garlar, mazgallar ve fosseptikler gibi kapal\u0131 alanlarda termal sisleme (dumanlama) y\u00f6ntemi kullan\u0131larak etkin bir m\u00fccadele y\u00fcr\u00fct\u00fcl\u00fcyor.<br \/><\/p>\n","protected":false},"excerpt":{"rendered":"<p>U\u015fak Belediyesi halk sa\u011fl\u0131\u011f\u0131n\u0131 korumak, vatanda\u015flar\u0131n ya\u015fam kalitesini art\u0131rmak ve tar\u0131m alanlar\u0131n\u0131n zarar g\u00f6rmesini engellemek amac\u0131yla kent genelinde vekt\u00f6rle m\u00fccadelesini aral\u0131ks\u0131z olarak s\u00fcrd\u00fcr\u00fcyor. U\u015fak Belediyesi\u2019ne ba\u011fl\u0131 Veteriner \u0130\u015fleri M\u00fcd\u00fcrl\u00fc\u011f\u00fc b\u00fcnyesinde faaliyet g\u00f6steren Vekt\u00f6r M\u00fccadele ve \u0130la\u00e7lama Birimi taraf\u0131ndan, insan sa\u011fl\u0131\u011f\u0131 a\u00e7\u0131s\u0131ndan risk olu\u015fturabilecek ha\u015ferelere kar\u015f\u0131 \u00e7evreye duyarl\u0131 ila\u00e7lama \u00e7al\u0131\u015fmalar\u0131 yap\u0131l\u0131yor. Bu kapsamda yaz sezonu boyunca&#8230;<\/p>\n","protected":false},"author":1,"featured_media":80940,"comment_status":"open","ping_status":"open","sticky":false,"template":"","format":"standard","meta":{"_crdt_document":"","footnotes":""},"categories":[1],"tags":[],"class_list":["post-80939","post","type-post","status-publish","format-standard","has-post-thumbnail","hentry","category-guncel"],"_links":{"self":[{"href":"https:\/\/www.egemtv.com\/index.php?rest_route=\/wp\/v2\/posts\/80939","targetHints":{"allow":["GET"]}}],"collection":[{"href":"https:\/\/www.egemtv.com\/index.php?rest_route=\/wp\/v2\/posts"}],"about":[{"href":"https:\/\/www.egemtv.com\/index.php?rest_route=\/wp\/v2\/types\/post"}],"author":[{"embeddable":true,"href":"https:\/\/www.egemtv.com\/index.php?rest_route=\/wp\/v2\/users\/1"}],"replies":[{"embeddable":true,"href":"https:\/\/www.egemtv.com\/index.php?rest_route=%2Fwp%2Fv2%2Fcomments&post=80939"}],"version-history":[{"count":1,"href":"https:\/\/www.egemtv.com\/index.php?rest_route=\/wp\/v2\/posts\/80939\/revisions"}],"predecessor-version":[{"id":80941,"href":"https:\/\/www.egemtv.com\/index.php?rest_route=\/wp\/v2\/posts\/80939\/revisions\/80941"}],"wp:featuredmedia":[{"embeddable":true,"href":"https:\/\/www.egemtv.com\/index.php?rest_route=\/wp\/v2\/media\/80940"}],"wp:attachment":[{"href":"https:\/\/www.egemtv.com\/index.php?rest_route=%2Fwp%2Fv2%2Fmedia&parent=80939"}],"wp:term":[{"taxonomy":"category","embeddable":true,"href":"https:\/\/www.egemtv.com\/index.php?rest_route=%2Fwp%2Fv2%2Fcategories&post=80939"},{"taxonomy":"post_tag","embeddable":true,"href":"https:\/\/www.egemtv.com\/index.php?rest_route=%2Fwp%2Fv2%2Ftags&post=80939"}],"curies":[{"name":"wp","href":"https:\/\/api.w.org\/{rel}","templated":true}]}}