{"id":80936,"date":"2026-01-15T13:55:36","date_gmt":"2026-01-15T10:55:36","guid":{"rendered":"https:\/\/www.egemtv.com\/?p=80936"},"modified":"2026-01-15T13:55:36","modified_gmt":"2026-01-15T10:55:36","slug":"nazilli-belediyesi-futbol-turnuvasinda-sampiyon-ozel-kalem-mudurlugu-oldu","status":"publish","type":"post","link":"https:\/\/www.egemtv.com\/?p=80936","title":{"rendered":"Nazilli Belediyesi Futbol Turnuvas\u0131\u2019nda \u015eampiyon \u00d6zel Kalem M\u00fcd\u00fcrl\u00fc\u011f\u00fc oldu"},"content":{"rendered":"<p>Nazilli Belediyesi Gen\u00e7lik ve Spor M\u00fcd\u00fcrl\u00fc\u011f\u00fc taraf\u0131ndan, personel motivasyonunu art\u0131rmak ve sosyal faaliyetleri geli\u015ftirmek amac\u0131yla m\u00fcd\u00fcrl\u00fckler aras\u0131nda d\u00fczenlenen futbol turnuvas\u0131, oynanan final ma\u00e7\u0131yla sona erdi.<\/p>\n<p>Nazilli Belediye Ba\u015fkan\u0131 Op. Dr. Ertu\u011frul Tetik\u2019in destekleriyle ger\u00e7ekle\u015ftirilen organizasyona, 7 m\u00fcd\u00fcrl\u00fckten toplam 105 belediye personeli kat\u0131ld\u0131. Turnuva boyunca b\u00fcy\u00fck bir m\u00fccadeleye sahne olan kar\u015f\u0131la\u015fmalar, izleyenlerden de ilgi g\u00f6rd\u00fc.<\/p>\n<p>Final ma\u00e7\u0131nda Fen \u0130\u015fleri M\u00fcd\u00fcrl\u00fc\u011f\u00fc ile \u00d6zel Kalem M\u00fcd\u00fcrl\u00fc\u011f\u00fc kar\u015f\u0131 kar\u015f\u0131ya geldi. Normal s\u00fcresi 1-1 beraberlikle tamamlanan m\u00fcsabakada, kazanan\u0131 penalt\u0131 at\u0131\u015flar\u0131 belirledi. Penalt\u0131larda rakibine 8-7 \u00fcst\u00fcnl\u00fck sa\u011flayan \u00d6zel Kalem M\u00fcd\u00fcrl\u00fc\u011f\u00fc, turnuvay\u0131 \u015fampiyon olarak tamamlad\u0131.<\/p>\n<p>Turnuvaya kat\u0131lan t\u00fcm personele te\u015fekk\u00fcr eden Nazilli Belediye Ba\u015fkan\u0131 Op. Dr. Ertu\u011frul Tetik, bu t\u00fcr organizasyonlar\u0131n kurum i\u00e7i birlik ve beraberli\u011fi g\u00fc\u00e7lendirdi\u011fini vurgulayarak, &#8220;Personelimizin kayna\u015fmas\u0131, motivasyonunun artmas\u0131 ve sa\u011fl\u0131kl\u0131 bir ya\u015fam al\u0131\u015fkanl\u0131\u011f\u0131 kazanmas\u0131 a\u00e7\u0131s\u0131ndan spor etkinliklerini \u00e7ok \u00f6nemsiyoruz. Turnuvaya kat\u0131lan t\u00fcm m\u00fcd\u00fcrl\u00fcklerimizi tebrik ediyor, eme\u011fi ge\u00e7en herkese te\u015fekk\u00fcr ediyorum&#8221; dedi.<br \/><\/p>\n","protected":false},"excerpt":{"rendered":"<p>Nazilli Belediyesi Gen\u00e7lik ve Spor M\u00fcd\u00fcrl\u00fc\u011f\u00fc taraf\u0131ndan, personel motivasyonunu art\u0131rmak ve sosyal faaliyetleri geli\u015ftirmek amac\u0131yla m\u00fcd\u00fcrl\u00fckler aras\u0131nda d\u00fczenlenen futbol turnuvas\u0131, oynanan final ma\u00e7\u0131yla sona erdi. Nazilli Belediye Ba\u015fkan\u0131 Op. Dr. Ertu\u011frul Tetik\u2019in destekleriyle ger\u00e7ekle\u015ftirilen organizasyona, 7 m\u00fcd\u00fcrl\u00fckten toplam 105 belediye personeli kat\u0131ld\u0131. Turnuva boyunca b\u00fcy\u00fck bir m\u00fccadeleye sahne olan kar\u015f\u0131la\u015fmalar, izleyenlerden de ilgi g\u00f6rd\u00fc. Final&#8230;<\/p>\n","protected":false},"author":1,"featured_media":80937,"comment_status":"open","ping_status":"open","sticky":false,"template":"","format":"standard","meta":{"_crdt_document":"","footnotes":""},"categories":[4],"tags":[],"class_list":["post-80936","post","type-post","status-publish","format-standard","has-post-thumbnail","hentry","category-spor"],"_links":{"self":[{"href":"https:\/\/www.egemtv.com\/index.php?rest_route=\/wp\/v2\/posts\/80936","targetHints":{"allow":["GET"]}}],"collection":[{"href":"https:\/\/www.egemtv.com\/index.php?rest_route=\/wp\/v2\/posts"}],"about":[{"href":"https:\/\/www.egemtv.com\/index.php?rest_route=\/wp\/v2\/types\/post"}],"author":[{"embeddable":true,"href":"https:\/\/www.egemtv.com\/index.php?rest_route=\/wp\/v2\/users\/1"}],"replies":[{"embeddable":true,"href":"https:\/\/www.egemtv.com\/index.php?rest_route=%2Fwp%2Fv2%2Fcomments&post=80936"}],"version-history":[{"count":1,"href":"https:\/\/www.egemtv.com\/index.php?rest_route=\/wp\/v2\/posts\/80936\/revisions"}],"predecessor-version":[{"id":80938,"href":"https:\/\/www.egemtv.com\/index.php?rest_route=\/wp\/v2\/posts\/80936\/revisions\/80938"}],"wp:featuredmedia":[{"embeddable":true,"href":"https:\/\/www.egemtv.com\/index.php?rest_route=\/wp\/v2\/media\/80937"}],"wp:attachment":[{"href":"https:\/\/www.egemtv.com\/index.php?rest_route=%2Fwp%2Fv2%2Fmedia&parent=80936"}],"wp:term":[{"taxonomy":"category","embeddable":true,"href":"https:\/\/www.egemtv.com\/index.php?rest_route=%2Fwp%2Fv2%2Fcategories&post=80936"},{"taxonomy":"post_tag","embeddable":true,"href":"https:\/\/www.egemtv.com\/index.php?rest_route=%2Fwp%2Fv2%2Ftags&post=80936"}],"curies":[{"name":"wp","href":"https:\/\/api.w.org\/{rel}","templated":true}]}}