{"id":80933,"date":"2026-01-15T13:34:55","date_gmt":"2026-01-15T10:34:55","guid":{"rendered":"https:\/\/www.egemtv.com\/?p=80933"},"modified":"2026-01-15T13:34:56","modified_gmt":"2026-01-15T10:34:56","slug":"memur-senden-ucrette-dengesizlik-gelirde-adaletsizlik-bitsin-cagrisi","status":"publish","type":"post","link":"https:\/\/www.egemtv.com\/?p=80933","title":{"rendered":"Memur-Sen\u2019den \u2019\u00dccrette dengesizlik, gelirde adaletsizlik bitsin\u2019 \u00e7a\u011fr\u0131s\u0131"},"content":{"rendered":"<p>Memur-Sen Manisa \u0130l Temsilcisi Ahmet Yasav, 2026\u2019n\u0131n ilk maa\u015f g\u00fcn\u00fcnde Hatuniye Camii \u00f6n\u00fcnde yapt\u0131\u011f\u0131 bas\u0131n a\u00e7\u0131klamas\u0131nda toplu s\u00f6zle\u015fme zamlar\u0131n\u0131n memuru enflasyona ezdi\u011fini belirterek, kamuda bozulan \u00fccret dengesi ve gelir adaletsizli\u011finin kal\u0131c\u0131 reformlarla giderilmesini istedi.<br \/>\n<br \/>Memur-Sen Manisa \u0130l Temsilcisi ve E\u011fitim Bir Sen Manisa 1 Nolu \u015eube Ba\u015fkan\u0131 Ahmet Yasav, 2026 y\u0131l\u0131n\u0131n memurlar i\u00e7in ilk maa\u015f g\u00fcn\u00fcnde Hatuniye Camii \u00f6n\u00fcnde bas\u0131n a\u00e7\u0131klamas\u0131 yapt\u0131. A\u00e7\u0131klamaya Memur-Sen\u2019e ba\u011fl\u0131 sendikalar\u0131n il ba\u015fkanlar\u0131, temsilcileri ve \u00e7ok say\u0131da \u00fcye destek verdi.<br \/>\n<br \/>Ahmet Yasav, Memur-Sen ailesi olarak T\u00fcrkiye genelinde 81 ilde meydanlarda olduklar\u0131n\u0131 belirterek, &#8220;Bug\u00fcn kamu g\u00f6revlileri olarak \u2018\u00dccrette dengesizlik, gelirde adaletsizlik, kamuda huzursuzluk bitsin\u2019 demek i\u00e7in buraday\u0131z&#8221; dedi.<br \/>\n<br \/>Yasav, 7. ve 8. D\u00f6nem Toplu S\u00f6zle\u015fmelerde verilen zam oranlar\u0131n\u0131n memurlar\u0131 enflasyona ezdirdi\u011fini ifade ederek, ayn\u0131 zamanda kamu personeli aras\u0131ndaki \u00fccret dengesinin tamamen bozuldu\u011funu s\u00f6yledi. Benzer bir durumun 2023 y\u0131l\u0131nda da ya\u015fand\u0131\u011f\u0131n\u0131 hat\u0131rlatan Yasav, o d\u00f6nemde Cumhurba\u015fkan\u0131 Recep Tayyip Erdo\u011fan\u2019\u0131n m\u00fcdahalesiyle en d\u00fc\u015f\u00fck memur maa\u015f\u0131n\u0131n en d\u00fc\u015f\u00fck i\u015f\u00e7i maa\u015f\u0131n\u0131n \u00fczerine \u00e7\u0131kar\u0131ld\u0131\u011f\u0131n\u0131 hat\u0131rlatt\u0131.<br \/>\n<br \/>&#8220;Sistem yeniden alt\u00fcst oldu&#8221; diyen Yasav, &#8220;Eme\u011fimiz, y\u0131llarca ald\u0131\u011f\u0131m\u0131z e\u011fitim, girdi\u011fimiz s\u0131navlar ve d\u00f6kt\u00fc\u011f\u00fcm\u00fcz ak\u0131l teri yok say\u0131ld\u0131. Kamuda i\u015f bar\u0131\u015f\u0131 bozuldu, memurun \u015fevki k\u0131r\u0131ld\u0131&#8221; ifadelerini kulland\u0131.<br \/>\n<br \/>Ayn\u0131 ortamda \u00e7al\u0131\u015fan farkl\u0131 stat\u00fcdeki personel aras\u0131ndaki maa\u015f u\u00e7urumunun kapat\u0131lmas\u0131 gerekirken adaletsizli\u011fin derinle\u015ftirildi\u011fini savunan Yasav, &#8220;\u00dccretlerdeki dengesizlik ve gelirdeki adaletsizlik art\u0131k g\u00f6rmezden gelinemez. Bu \u00e7arp\u0131kl\u0131k derhal ve kal\u0131c\u0131 \u015fekilde d\u00fczeltilmeli, kamuda huzur yeniden tesis edilmelidir&#8221; dedi.<br \/>\n<br \/>Memur-Sen olarak par\u00e7ac\u0131 de\u011fil, b\u00fct\u00fcnc\u00fcl bir d\u00fczenleme istediklerini vurgulayan Yasav, memuru ezerek enflasyonla m\u00fccadelenin y\u00fcr\u00fct\u00fclemeyece\u011fini s\u00f6yledi. Enflasyonun faturas\u0131n\u0131n sabit gelirlilere kesilmesini kabul etmediklerini dile getiren Yasav, Maliye Bakanl\u0131\u011f\u0131\u2019na adil payla\u015f\u0131m \u00e7a\u011fr\u0131s\u0131nda bulundu.<\/p>\n<p>&#8220;T\u00fcrkiye Y\u00fczy\u0131l\u0131\u2019na yak\u0131\u015f\u0131r personel reformu istiyoruz&#8221;<br \/>\n<br \/>Kamu personel sisteminde k\u00f6kl\u00fc reformlara ihtiya\u00e7 oldu\u011funu ifade eden Yasav, &#8220;Kariyer basamaklar\u0131n\u0131n d\u00fczeltildi\u011fi, \u00fccret skalas\u0131n\u0131n g\u00f6rev, unvan ve sorumluluk esasl\u0131 yap\u0131land\u0131r\u0131ld\u0131\u011f\u0131, farkl\u0131 stat\u00fcler aras\u0131ndaki \u00fccret dengesizli\u011finin giderildi\u011fi, g\u00f6rev ayl\u0131\u011f\u0131yla emekli ayl\u0131\u011f\u0131 aras\u0131ndaki u\u00e7urumun kapat\u0131ld\u0131\u011f\u0131 bir personel reformu istiyoruz. \u015eimdi de\u011filse ne zaman?&#8221; diye konu\u015ftu.<br \/>\n<br \/>4688 say\u0131l\u0131 Sendika Yasas\u0131\u2019n\u0131n \u00f6mr\u00fcn\u00fc tamamlad\u0131\u011f\u0131n\u0131 savunan Yasav, mevcut toplu s\u00f6zle\u015fme sistemi ve Hakem Kurulu yap\u0131s\u0131na tepki g\u00f6stererek, yasan\u0131n topyek\u00fbn de\u011fi\u015ftirilmesi gerekti\u011fini belirtti. Grev hakk\u0131, \u00f6rg\u00fctlenme \u00f6zg\u00fcrl\u00fc\u011f\u00fc ve adil bir pazarl\u0131k zemini i\u00e7in ILO normlar\u0131nda yeni bir sendika yasas\u0131n\u0131n gecikmeden hayata ge\u00e7irilmesi \u00e7a\u011fr\u0131s\u0131nda bulundu.<br \/>\n<br \/>A\u00e7\u0131klamas\u0131n\u0131n sonunda h\u00fck\u00fcmete seslenen Yasav, &#8220;Bu \u00e7arp\u0131kl\u0131kla ge\u00e7en her g\u00fcn kamu g\u00f6revlileri i\u00e7in eziyet, kamu hizmeti i\u00e7in verimsizliktir. \u00dccretlerdeki dengesizli\u011fin bitmesi ve kamuda huzurun sa\u011flanmas\u0131, emeklili\u011fe de yans\u0131yacak \u015fekilde verilecek bir refah pay\u0131yla m\u00fcmk\u00fcnd\u00fcr&#8221; dedi.<br \/>\n<br \/>Yasav, &#8220;\u0130mtiyaz de\u011fil, al\u0131n terimizin hakk\u0131n\u0131 istiyoruz. Ayr\u0131cal\u0131k de\u011fil, kamuda adalet istiyoruz. Ya\u015fas\u0131n hak, ya\u015fas\u0131n emek, ya\u015fas\u0131n adalet, ya\u015fas\u0131n m\u00fccadele&#8221; s\u00f6zleriyle a\u00e7\u0131klamas\u0131n\u0131 tamamlad\u0131.<br \/><\/p>\n","protected":false},"excerpt":{"rendered":"<p>Memur-Sen Manisa \u0130l Temsilcisi Ahmet Yasav, 2026\u2019n\u0131n ilk maa\u015f g\u00fcn\u00fcnde Hatuniye Camii \u00f6n\u00fcnde yapt\u0131\u011f\u0131 bas\u0131n a\u00e7\u0131klamas\u0131nda toplu s\u00f6zle\u015fme zamlar\u0131n\u0131n memuru enflasyona ezdi\u011fini belirterek, kamuda bozulan \u00fccret dengesi ve gelir adaletsizli\u011finin kal\u0131c\u0131 reformlarla giderilmesini istedi. Memur-Sen Manisa \u0130l Temsilcisi ve E\u011fitim Bir Sen Manisa 1 Nolu \u015eube Ba\u015fkan\u0131 Ahmet Yasav, 2026 y\u0131l\u0131n\u0131n memurlar i\u00e7in ilk maa\u015f&#8230;<\/p>\n","protected":false},"author":1,"featured_media":80934,"comment_status":"open","ping_status":"open","sticky":false,"template":"","format":"standard","meta":{"_crdt_document":"","footnotes":""},"categories":[125],"tags":[],"class_list":["post-80933","post","type-post","status-publish","format-standard","has-post-thumbnail","hentry","category-ekonomi"],"_links":{"self":[{"href":"https:\/\/www.egemtv.com\/index.php?rest_route=\/wp\/v2\/posts\/80933","targetHints":{"allow":["GET"]}}],"collection":[{"href":"https:\/\/www.egemtv.com\/index.php?rest_route=\/wp\/v2\/posts"}],"about":[{"href":"https:\/\/www.egemtv.com\/index.php?rest_route=\/wp\/v2\/types\/post"}],"author":[{"embeddable":true,"href":"https:\/\/www.egemtv.com\/index.php?rest_route=\/wp\/v2\/users\/1"}],"replies":[{"embeddable":true,"href":"https:\/\/www.egemtv.com\/index.php?rest_route=%2Fwp%2Fv2%2Fcomments&post=80933"}],"version-history":[{"count":1,"href":"https:\/\/www.egemtv.com\/index.php?rest_route=\/wp\/v2\/posts\/80933\/revisions"}],"predecessor-version":[{"id":80935,"href":"https:\/\/www.egemtv.com\/index.php?rest_route=\/wp\/v2\/posts\/80933\/revisions\/80935"}],"wp:featuredmedia":[{"embeddable":true,"href":"https:\/\/www.egemtv.com\/index.php?rest_route=\/wp\/v2\/media\/80934"}],"wp:attachment":[{"href":"https:\/\/www.egemtv.com\/index.php?rest_route=%2Fwp%2Fv2%2Fmedia&parent=80933"}],"wp:term":[{"taxonomy":"category","embeddable":true,"href":"https:\/\/www.egemtv.com\/index.php?rest_route=%2Fwp%2Fv2%2Fcategories&post=80933"},{"taxonomy":"post_tag","embeddable":true,"href":"https:\/\/www.egemtv.com\/index.php?rest_route=%2Fwp%2Fv2%2Ftags&post=80933"}],"curies":[{"name":"wp","href":"https:\/\/api.w.org\/{rel}","templated":true}]}}