{"id":80930,"date":"2026-01-15T13:34:54","date_gmt":"2026-01-15T10:34:54","guid":{"rendered":"https:\/\/www.egemtv.com\/?p=80930"},"modified":"2026-01-15T13:34:55","modified_gmt":"2026-01-15T10:34:55","slug":"tostcu-mehmet-mansur-yavasa-benzerligi-ile-dikkat-cekiyor","status":"publish","type":"post","link":"https:\/\/www.egemtv.com\/?p=80930","title":{"rendered":"Tost\u00e7u Mehmet, Mansur Yava\u015f\u2019a benzerli\u011fi ile dikkat \u00e7ekiyor"},"content":{"rendered":"<p>Ayd\u0131n\u2019\u0131n Nazilli il\u00e7esinde 40 y\u0131ld\u0131r tost\u00e7uluk yapan Mehmet Y\u0131ld\u0131z, Ankara B\u00fcy\u00fck\u015fehir Belediye Ba\u015fkan\u0131 Mansur Yava\u015f\u2019a benzerli\u011fi dikkat \u00e7ekiyor.<br \/>\n<br \/>Nazilli\u2019de ya\u015fayan 66 ya\u015f\u0131ndaki Mehmet Y\u0131ld\u0131z, il\u00e7ede 40 y\u0131ld\u0131r tost\u00e7uluk yap\u0131yor. \u0130l\u00e7ede \u2018Bizim Tost\u00e7u\u2019 olarak bilinen Mehmet Y\u0131ld\u0131z, ustal\u0131\u011f\u0131n\u0131n yan\u0131 s\u0131ra Ankara B\u00fcy\u00fck\u015fehir Belediye Ba\u015fkan\u0131 Mansur Yava\u015f\u2019a benzerli\u011fiyle de dikkat \u00e7ekiyor. Y\u0131llard\u0131r ayn\u0131 noktada s\u00fcrd\u00fcrd\u00fc\u011f\u00fc esnafl\u0131\u011f\u0131yla il\u00e7e halk\u0131n\u0131n yak\u0131ndan tan\u0131d\u0131\u011f\u0131 isimler aras\u0131nda yer alan ve ustal\u0131\u011f\u0131, g\u00fcler y\u00fcz\u00fc ve m\u00fctevaz\u0131 ki\u015fili\u011fiyle bilinen Y\u0131ld\u0131z, d\u00fckkan\u0131na gelen m\u00fc\u015fterilerden de s\u0131k s\u0131k &#8220;Mansur Yava\u015f\u2019a ne kadar benziyorsunuz&#8221; yorumlar\u0131n\u0131 al\u0131yor.<br \/>\n<br \/>Vatanda\u015flar\u0131n bu benzerli\u011fi dile getirmesiyle zaman zaman tebess\u00fcm eden Mehmet Y\u0131ld\u0131z, as\u0131l mutlulu\u011funun y\u0131llard\u0131r ayn\u0131 lezzeti sunabilmek ve m\u00fc\u015fterilerinin memnuniyeti oldu\u011funu ifade ediyor.<br \/><\/p>\n","protected":false},"excerpt":{"rendered":"<p>Ayd\u0131n\u2019\u0131n Nazilli il\u00e7esinde 40 y\u0131ld\u0131r tost\u00e7uluk yapan Mehmet Y\u0131ld\u0131z, Ankara B\u00fcy\u00fck\u015fehir Belediye Ba\u015fkan\u0131 Mansur Yava\u015f\u2019a benzerli\u011fi dikkat \u00e7ekiyor. Nazilli\u2019de ya\u015fayan 66 ya\u015f\u0131ndaki Mehmet Y\u0131ld\u0131z, il\u00e7ede 40 y\u0131ld\u0131r tost\u00e7uluk yap\u0131yor. \u0130l\u00e7ede \u2018Bizim Tost\u00e7u\u2019 olarak bilinen Mehmet Y\u0131ld\u0131z, ustal\u0131\u011f\u0131n\u0131n yan\u0131 s\u0131ra Ankara B\u00fcy\u00fck\u015fehir Belediye Ba\u015fkan\u0131 Mansur Yava\u015f\u2019a benzerli\u011fiyle de dikkat \u00e7ekiyor. Y\u0131llard\u0131r ayn\u0131 noktada s\u00fcrd\u00fcrd\u00fc\u011f\u00fc esnafl\u0131\u011f\u0131yla il\u00e7e&#8230;<\/p>\n","protected":false},"author":1,"featured_media":80931,"comment_status":"open","ping_status":"open","sticky":false,"template":"","format":"standard","meta":{"_crdt_document":"","footnotes":""},"categories":[123],"tags":[],"class_list":["post-80930","post","type-post","status-publish","format-standard","has-post-thumbnail","hentry","category-gundem"],"_links":{"self":[{"href":"https:\/\/www.egemtv.com\/index.php?rest_route=\/wp\/v2\/posts\/80930","targetHints":{"allow":["GET"]}}],"collection":[{"href":"https:\/\/www.egemtv.com\/index.php?rest_route=\/wp\/v2\/posts"}],"about":[{"href":"https:\/\/www.egemtv.com\/index.php?rest_route=\/wp\/v2\/types\/post"}],"author":[{"embeddable":true,"href":"https:\/\/www.egemtv.com\/index.php?rest_route=\/wp\/v2\/users\/1"}],"replies":[{"embeddable":true,"href":"https:\/\/www.egemtv.com\/index.php?rest_route=%2Fwp%2Fv2%2Fcomments&post=80930"}],"version-history":[{"count":1,"href":"https:\/\/www.egemtv.com\/index.php?rest_route=\/wp\/v2\/posts\/80930\/revisions"}],"predecessor-version":[{"id":80932,"href":"https:\/\/www.egemtv.com\/index.php?rest_route=\/wp\/v2\/posts\/80930\/revisions\/80932"}],"wp:featuredmedia":[{"embeddable":true,"href":"https:\/\/www.egemtv.com\/index.php?rest_route=\/wp\/v2\/media\/80931"}],"wp:attachment":[{"href":"https:\/\/www.egemtv.com\/index.php?rest_route=%2Fwp%2Fv2%2Fmedia&parent=80930"}],"wp:term":[{"taxonomy":"category","embeddable":true,"href":"https:\/\/www.egemtv.com\/index.php?rest_route=%2Fwp%2Fv2%2Fcategories&post=80930"},{"taxonomy":"post_tag","embeddable":true,"href":"https:\/\/www.egemtv.com\/index.php?rest_route=%2Fwp%2Fv2%2Ftags&post=80930"}],"curies":[{"name":"wp","href":"https:\/\/api.w.org\/{rel}","templated":true}]}}