{"id":80927,"date":"2026-01-15T13:34:53","date_gmt":"2026-01-15T10:34:53","guid":{"rendered":"https:\/\/www.egemtv.com\/?p=80927"},"modified":"2026-01-15T13:34:54","modified_gmt":"2026-01-15T10:34:54","slug":"emirbeyazit-mahallesi-kolejler-bolgesinde-ustyapi-calismalari-basladi","status":"publish","type":"post","link":"https:\/\/www.egemtv.com\/?p=80927","title":{"rendered":"Emirbeyaz\u0131t Mahallesi Kolejler b\u00f6lgesinde \u00fcstyap\u0131 \u00e7al\u0131\u015fmalar\u0131 ba\u015flad\u0131"},"content":{"rendered":"<p>Mente\u015fe Belediyesi Emirbeyaz\u0131t Mahallesi Kolejler B\u00f6lgesi\u2019nde altyap\u0131 \u00e7al\u0131\u015fmalar\u0131 tamamlanan yol g\u00fczerg\u00e2hlar\u0131nda \u00fcstyap\u0131 \u00e7al\u0131\u015fmalar\u0131na ba\u015flad\u0131.<br \/>\n<br \/>Mu\u011fla B\u00fcy\u00fck\u015fehir Belediyesi ile koordineli y\u00fcr\u00fct\u00fclen \u00e7al\u0131\u015fmalar kapsam\u0131nda, yol g\u00fczerg\u00e2hlar\u0131nda kilit parke ve asfalt d\u00fczenlemeleri ger\u00e7ekle\u015ftiriliyor. \u00c7al\u0131\u015fmalar\u0131n, ilgili altyap\u0131 kurumlar\u0131yla sa\u011flanan koordinasyon do\u011frultusunda en k\u0131sa s\u00fcrede kal\u0131c\u0131 olarak tamamlanmas\u0131 planlan\u0131yor.<br \/>\n<br \/>Ba\u015fkan K\u00f6ksal Aras, &#8220;\u00dcstyap\u0131 hamlemizi ba\u015flatt\u0131k&#8221;<br \/>\n<br \/>\u00c7al\u0131\u015fmalarla ilgili a\u00e7\u0131klamalarda bulunan Mente\u015fe Belediye Ba\u015fkan\u0131 Gonca K\u00f6ksal Aras, b\u00f6lgedeki s\u00fcrecin planl\u0131 ve e\u015fg\u00fcd\u00fcml\u00fc \u015fekilde ilerledi\u011fini vurgulad\u0131. Ba\u015fkan K\u00f6ksal Aras, \u015funlar\u0131 s\u00f6yledi:<br \/>\n<br \/>&#8220;Emirbeyaz\u0131t Mahallesi Kolejler B\u00f6lgesi, okullar\u0131m\u0131z ve ticari i\u015fletmelerimiz nedeniyle yo\u011fun bir trafik y\u00fck\u00fc ta\u015f\u0131yor. B\u00f6lgede altyap\u0131 s\u00fcreci tamamlan\u0131r tamamlanmaz \u00fcstyap\u0131 hamlemizi ba\u015flatt\u0131k. Ekiplerimiz \u015fu an b\u00f6lgede \u00fcstyap\u0131 \u00e7al\u0131\u015fmalar\u0131n\u0131 h\u0131zla s\u00fcrd\u00fcr\u00fcyor. Vatanda\u015flar\u0131m\u0131z\u0131n, \u00f6\u011frencilerimizin ve velilerimizin ya\u015fad\u0131\u011f\u0131 ma\u011fduriyetleri gidermek \u00f6nceli\u011fimiz. B\u00fcy\u00fck\u015fehir Belediyemizle koordineli \u015fekilde y\u00fcr\u00fctt\u00fc\u011f\u00fcm\u00fcz kilit parke ve asfalt \u00e7al\u0131\u015fmalar\u0131n\u0131 tamamlayarak yollar\u0131m\u0131z\u0131 kal\u0131c\u0131 ve g\u00fcvenli hale getirece\u011fiz. B\u00f6lgedeki \u00fcstyap\u0131 \u00e7al\u0131\u015fmas\u0131 en k\u0131sa zamanda tamamlanarak, vatanda\u015flar\u0131m\u0131z\u0131n kullan\u0131m\u0131na sunulacak&#8221; dedi.<br \/><\/p>\n","protected":false},"excerpt":{"rendered":"<p>Mente\u015fe Belediyesi Emirbeyaz\u0131t Mahallesi Kolejler B\u00f6lgesi\u2019nde altyap\u0131 \u00e7al\u0131\u015fmalar\u0131 tamamlanan yol g\u00fczerg\u00e2hlar\u0131nda \u00fcstyap\u0131 \u00e7al\u0131\u015fmalar\u0131na ba\u015flad\u0131. Mu\u011fla B\u00fcy\u00fck\u015fehir Belediyesi ile koordineli y\u00fcr\u00fct\u00fclen \u00e7al\u0131\u015fmalar kapsam\u0131nda, yol g\u00fczerg\u00e2hlar\u0131nda kilit parke ve asfalt d\u00fczenlemeleri ger\u00e7ekle\u015ftiriliyor. \u00c7al\u0131\u015fmalar\u0131n, ilgili altyap\u0131 kurumlar\u0131yla sa\u011flanan koordinasyon do\u011frultusunda en k\u0131sa s\u00fcrede kal\u0131c\u0131 olarak tamamlanmas\u0131 planlan\u0131yor. Ba\u015fkan K\u00f6ksal Aras, &#8220;\u00dcstyap\u0131 hamlemizi ba\u015flatt\u0131k&#8221; \u00c7al\u0131\u015fmalarla ilgili a\u00e7\u0131klamalarda bulunan Mente\u015fe&#8230;<\/p>\n","protected":false},"author":1,"featured_media":80928,"comment_status":"open","ping_status":"open","sticky":false,"template":"","format":"standard","meta":{"_crdt_document":"","footnotes":""},"categories":[1],"tags":[],"class_list":["post-80927","post","type-post","status-publish","format-standard","has-post-thumbnail","hentry","category-guncel"],"_links":{"self":[{"href":"https:\/\/www.egemtv.com\/index.php?rest_route=\/wp\/v2\/posts\/80927","targetHints":{"allow":["GET"]}}],"collection":[{"href":"https:\/\/www.egemtv.com\/index.php?rest_route=\/wp\/v2\/posts"}],"about":[{"href":"https:\/\/www.egemtv.com\/index.php?rest_route=\/wp\/v2\/types\/post"}],"author":[{"embeddable":true,"href":"https:\/\/www.egemtv.com\/index.php?rest_route=\/wp\/v2\/users\/1"}],"replies":[{"embeddable":true,"href":"https:\/\/www.egemtv.com\/index.php?rest_route=%2Fwp%2Fv2%2Fcomments&post=80927"}],"version-history":[{"count":1,"href":"https:\/\/www.egemtv.com\/index.php?rest_route=\/wp\/v2\/posts\/80927\/revisions"}],"predecessor-version":[{"id":80929,"href":"https:\/\/www.egemtv.com\/index.php?rest_route=\/wp\/v2\/posts\/80927\/revisions\/80929"}],"wp:featuredmedia":[{"embeddable":true,"href":"https:\/\/www.egemtv.com\/index.php?rest_route=\/wp\/v2\/media\/80928"}],"wp:attachment":[{"href":"https:\/\/www.egemtv.com\/index.php?rest_route=%2Fwp%2Fv2%2Fmedia&parent=80927"}],"wp:term":[{"taxonomy":"category","embeddable":true,"href":"https:\/\/www.egemtv.com\/index.php?rest_route=%2Fwp%2Fv2%2Fcategories&post=80927"},{"taxonomy":"post_tag","embeddable":true,"href":"https:\/\/www.egemtv.com\/index.php?rest_route=%2Fwp%2Fv2%2Ftags&post=80927"}],"curies":[{"name":"wp","href":"https:\/\/api.w.org\/{rel}","templated":true}]}}