{"id":80921,"date":"2026-01-15T13:15:13","date_gmt":"2026-01-15T10:15:13","guid":{"rendered":"https:\/\/www.egemtv.com\/?p=80921"},"modified":"2026-01-15T13:15:14","modified_gmt":"2026-01-15T10:15:14","slug":"buharkentte-baskan-emere-guven-tazeledi","status":"publish","type":"post","link":"https:\/\/www.egemtv.com\/?p=80921","title":{"rendered":"Buharkent\u2019te Ba\u015fkan Emere g\u00fcven tazeledi"},"content":{"rendered":"<p>Buharkent \u015eof\u00f6rler ve Otomobilciler Esnaf Odas\u0131\u2019n\u0131n ola\u011fan genel kurulunda tek aday olarak se\u00e7ime giren mevcut ba\u015fkan \u0130brahim Emere, \u00fcyelerin oylar\u0131yla yeniden ba\u015fkanl\u0131\u011fa se\u00e7ildi.<\/p>\n<p>Buharkent \u015eof\u00f6rler ve Otomobilciler Esnaf Odas\u0131\u2019n\u0131n ola\u011fan genel kurul toplant\u0131s\u0131 yo\u011fun kat\u0131l\u0131mla ger\u00e7ekle\u015ftirildi. Genel kurulda esnaf\u0131n birlik ve beraberli\u011fi dikkat \u00e7ekerken, se\u00e7im heyecan\u0131 da ya\u015fand\u0131. Toplam 219 \u00fcyenin kat\u0131ld\u0131\u011f\u0131 genel kurulda 126 \u00fcye oy kulland\u0131. Se\u00e7ime tek liste ve tek aday olarak giren mevcut ba\u015fkan \u0130brahim Emere, \u00fcyelerin deste\u011fini alarak yeniden ba\u015fkan se\u00e7ildi. Genel kurul, sayg\u0131 duru\u015funda bulunulmas\u0131 ve \u0130stiklal Mar\u015f\u0131\u2019n\u0131n okunmas\u0131yla ba\u015flad\u0131. Toplant\u0131da g\u00fcndemde yer alan 14 madde oy birli\u011fiyle kabul edildi. Yeniden ba\u015fkanl\u0131\u011fa se\u00e7ilen \u0130brahim Emere, genel kurul sonras\u0131 yapt\u0131\u011f\u0131 a\u00e7\u0131klamada kendisine duyulan g\u00fcvenden dolay\u0131 \u00fcyelere te\u015fekk\u00fcr ederek, &#8220;Buharkent esnaf\u0131 i\u00e7in \u00e7al\u0131\u015fmaya, odam\u0131z\u0131 daha da ileriye ta\u015f\u0131maya devam edece\u011fiz&#8221; dedi.<\/p>\n<p>Genel kurul, yeni y\u00f6netimin belirlenmesinin ard\u0131ndan iyi dilek temennileriyle sona erdi.<br \/><\/p>\n","protected":false},"excerpt":{"rendered":"<p>Buharkent \u015eof\u00f6rler ve Otomobilciler Esnaf Odas\u0131\u2019n\u0131n ola\u011fan genel kurulunda tek aday olarak se\u00e7ime giren mevcut ba\u015fkan \u0130brahim Emere, \u00fcyelerin oylar\u0131yla yeniden ba\u015fkanl\u0131\u011fa se\u00e7ildi. Buharkent \u015eof\u00f6rler ve Otomobilciler Esnaf Odas\u0131\u2019n\u0131n ola\u011fan genel kurul toplant\u0131s\u0131 yo\u011fun kat\u0131l\u0131mla ger\u00e7ekle\u015ftirildi. Genel kurulda esnaf\u0131n birlik ve beraberli\u011fi dikkat \u00e7ekerken, se\u00e7im heyecan\u0131 da ya\u015fand\u0131. Toplam 219 \u00fcyenin kat\u0131ld\u0131\u011f\u0131 genel kurulda 126&#8230;<\/p>\n","protected":false},"author":1,"featured_media":80922,"comment_status":"open","ping_status":"open","sticky":false,"template":"","format":"standard","meta":{"_crdt_document":"","footnotes":""},"categories":[1],"tags":[],"class_list":["post-80921","post","type-post","status-publish","format-standard","has-post-thumbnail","hentry","category-guncel"],"_links":{"self":[{"href":"https:\/\/www.egemtv.com\/index.php?rest_route=\/wp\/v2\/posts\/80921","targetHints":{"allow":["GET"]}}],"collection":[{"href":"https:\/\/www.egemtv.com\/index.php?rest_route=\/wp\/v2\/posts"}],"about":[{"href":"https:\/\/www.egemtv.com\/index.php?rest_route=\/wp\/v2\/types\/post"}],"author":[{"embeddable":true,"href":"https:\/\/www.egemtv.com\/index.php?rest_route=\/wp\/v2\/users\/1"}],"replies":[{"embeddable":true,"href":"https:\/\/www.egemtv.com\/index.php?rest_route=%2Fwp%2Fv2%2Fcomments&post=80921"}],"version-history":[{"count":1,"href":"https:\/\/www.egemtv.com\/index.php?rest_route=\/wp\/v2\/posts\/80921\/revisions"}],"predecessor-version":[{"id":80923,"href":"https:\/\/www.egemtv.com\/index.php?rest_route=\/wp\/v2\/posts\/80921\/revisions\/80923"}],"wp:featuredmedia":[{"embeddable":true,"href":"https:\/\/www.egemtv.com\/index.php?rest_route=\/wp\/v2\/media\/80922"}],"wp:attachment":[{"href":"https:\/\/www.egemtv.com\/index.php?rest_route=%2Fwp%2Fv2%2Fmedia&parent=80921"}],"wp:term":[{"taxonomy":"category","embeddable":true,"href":"https:\/\/www.egemtv.com\/index.php?rest_route=%2Fwp%2Fv2%2Fcategories&post=80921"},{"taxonomy":"post_tag","embeddable":true,"href":"https:\/\/www.egemtv.com\/index.php?rest_route=%2Fwp%2Fv2%2Ftags&post=80921"}],"curies":[{"name":"wp","href":"https:\/\/api.w.org\/{rel}","templated":true}]}}