{"id":80915,"date":"2026-01-15T13:15:11","date_gmt":"2026-01-15T10:15:11","guid":{"rendered":"https:\/\/www.egemtv.com\/?p=80915"},"modified":"2026-01-15T13:15:12","modified_gmt":"2026-01-15T10:15:12","slug":"hisarcik-aihlde-mesleki-dersler-yarismalarla-pekistirildi","status":"publish","type":"post","link":"https:\/\/www.egemtv.com\/?p=80915","title":{"rendered":"Hisarc\u0131k A\u0130HL\u2019de mesleki dersler yar\u0131\u015fmalarla peki\u015ftirildi"},"content":{"rendered":"<p>K\u00fctahya\u2019n\u0131n Hisarc\u0131k il\u00e7esinde bulunan Anadolu \u0130mam Hatip Lisesinde, mesleki derslerin etkin \u00f6\u011fretimi kapsam\u0131nda erkekler ve k\u0131zlar i\u00e7in ayr\u0131 kategorilerde toplam 5 yar\u0131\u015fma d\u00fczenlendi.<br \/>\n<br \/>Okulun konferans salonunda ger\u00e7ekle\u015ftirilen programda; namaz surelerini g\u00fczel okuma, Kur\u2019an-\u0131 Kerim\u2019i g\u00fczel okuma ve ezan\u0131 g\u00fczel okuma alanlar\u0131nda yar\u0131\u015fmalar yap\u0131ld\u0131.<br \/>\n<br \/>Yar\u0131\u015fmalarda j\u00fcri \u00fcyeli\u011fini \u0130l\u00e7e M\u00fcft\u00fcl\u00fc\u011f\u00fcnden Ay\u015fe Tekin, Esma De\u011firmenci, Ali Sevin\u00e7 ve \u0130lyas Yi\u011fit yapt\u0131. \u00d6\u011frencilerin yo\u011fun ilgi g\u00f6sterdi\u011fi yar\u0131\u015fmalar\u0131n ard\u0131ndan dereceye giren \u00f6\u011frencilere \u00f6d\u00fclleri \u0130l\u00e7e M\u00fcft\u00fcs\u00fc H\u00fcseyin Demirci taraf\u0131ndan takdim edildi.<br \/><\/p>\n","protected":false},"excerpt":{"rendered":"<p>K\u00fctahya\u2019n\u0131n Hisarc\u0131k il\u00e7esinde bulunan Anadolu \u0130mam Hatip Lisesinde, mesleki derslerin etkin \u00f6\u011fretimi kapsam\u0131nda erkekler ve k\u0131zlar i\u00e7in ayr\u0131 kategorilerde toplam 5 yar\u0131\u015fma d\u00fczenlendi. Okulun konferans salonunda ger\u00e7ekle\u015ftirilen programda; namaz surelerini g\u00fczel okuma, Kur\u2019an-\u0131 Kerim\u2019i g\u00fczel okuma ve ezan\u0131 g\u00fczel okuma alanlar\u0131nda yar\u0131\u015fmalar yap\u0131ld\u0131. Yar\u0131\u015fmalarda j\u00fcri \u00fcyeli\u011fini \u0130l\u00e7e M\u00fcft\u00fcl\u00fc\u011f\u00fcnden Ay\u015fe Tekin, Esma De\u011firmenci, Ali Sevin\u00e7 ve&#8230;<\/p>\n","protected":false},"author":1,"featured_media":80916,"comment_status":"open","ping_status":"open","sticky":false,"template":"","format":"standard","meta":{"_crdt_document":"","footnotes":""},"categories":[1],"tags":[],"class_list":["post-80915","post","type-post","status-publish","format-standard","has-post-thumbnail","hentry","category-guncel"],"_links":{"self":[{"href":"https:\/\/www.egemtv.com\/index.php?rest_route=\/wp\/v2\/posts\/80915","targetHints":{"allow":["GET"]}}],"collection":[{"href":"https:\/\/www.egemtv.com\/index.php?rest_route=\/wp\/v2\/posts"}],"about":[{"href":"https:\/\/www.egemtv.com\/index.php?rest_route=\/wp\/v2\/types\/post"}],"author":[{"embeddable":true,"href":"https:\/\/www.egemtv.com\/index.php?rest_route=\/wp\/v2\/users\/1"}],"replies":[{"embeddable":true,"href":"https:\/\/www.egemtv.com\/index.php?rest_route=%2Fwp%2Fv2%2Fcomments&post=80915"}],"version-history":[{"count":1,"href":"https:\/\/www.egemtv.com\/index.php?rest_route=\/wp\/v2\/posts\/80915\/revisions"}],"predecessor-version":[{"id":80917,"href":"https:\/\/www.egemtv.com\/index.php?rest_route=\/wp\/v2\/posts\/80915\/revisions\/80917"}],"wp:featuredmedia":[{"embeddable":true,"href":"https:\/\/www.egemtv.com\/index.php?rest_route=\/wp\/v2\/media\/80916"}],"wp:attachment":[{"href":"https:\/\/www.egemtv.com\/index.php?rest_route=%2Fwp%2Fv2%2Fmedia&parent=80915"}],"wp:term":[{"taxonomy":"category","embeddable":true,"href":"https:\/\/www.egemtv.com\/index.php?rest_route=%2Fwp%2Fv2%2Fcategories&post=80915"},{"taxonomy":"post_tag","embeddable":true,"href":"https:\/\/www.egemtv.com\/index.php?rest_route=%2Fwp%2Fv2%2Ftags&post=80915"}],"curies":[{"name":"wp","href":"https:\/\/api.w.org\/{rel}","templated":true}]}}