{"id":80912,"date":"2026-01-15T12:54:44","date_gmt":"2026-01-15T09:54:44","guid":{"rendered":"https:\/\/www.egemtv.com\/?p=80912"},"modified":"2026-01-15T12:54:45","modified_gmt":"2026-01-15T09:54:45","slug":"marmarisin-ogrencileri-gecmisi-teknolojiyle-bulusturuyor","status":"publish","type":"post","link":"https:\/\/www.egemtv.com\/?p=80912","title":{"rendered":"Marmaris\u2019in \u00f6\u011frencileri ge\u00e7mi\u015fi teknolojiyle bulu\u015fturuyor"},"content":{"rendered":"<p>Mu\u011fla\u2019n\u0131n Marmaris il\u00e7esinde bulunan Marmaris Evrenpa\u015fa Ortaokulu, T\u00fcrk\u00e7e, matematik ve bili\u015fim teknolojileri \u00f6\u011fretmenlerinin i\u015f birli\u011fiyle hayata ge\u00e7irilen &#8220;Ge\u00e7mi\u015fin Kodlar\u0131: TeknoAntik Projesi&#8221; dahilinde \u00f6\u011frencileri Marmaris Kalesi M\u00fczesi\u2019ne g\u00f6t\u00fcrd\u00fc.<\/p>\n<p>Projenin ilk ad\u0131m\u0131 olarak Marmaris Kalesi\u2019nde sergilenen tarihi eserleri inceleyen \u00f6\u011frenciler, k\u00fclt\u00fcrel mirasla ba\u011f kurarak ge\u00e7mi\u015fi bug\u00fcn\u00fcn diliyle yeniden anlatmay\u0131 \u00f6\u011freniyor. Disiplinler aras\u0131 y\u00fcr\u00fct\u00fclen proje kapsam\u0131nda Matematik dersinde antik yap\u0131lar \u00fczerinde \u00f6l\u00e7\u00fcmler yap\u0131l\u0131yor, bili\u015fim teknolojileri dersinde yapay zeka ve teknolojinin bilin\u00e7li ve \u00fcretken kullan\u0131m\u0131 ele al\u0131n\u0131yor. T\u00fcrk\u00e7e dersinde ise t\u00fcm bu \u00e7al\u0131\u015fmalar hikayele\u015ftirilerek ifade ediliyor.<\/p>\n<p>T\u00fcrk\u00e7e \u00f6\u011fretmeni Seda Demirt\u00fcrk, projenin amac\u0131n\u0131n teknolojiyi yaln\u0131zca t\u00fcketilen bir unsur olmaktan \u00e7\u0131kar\u0131p insanl\u0131k yarar\u0131na y\u00f6nlendirilen bir g\u00fcce d\u00f6n\u00fc\u015ft\u00fcrmek oldu\u011funu belirtip, &#8220;Bu y\u0131l \u00f6\u011frencilerimizle birlikte hayata ge\u00e7irece\u011fimiz Ge\u00e7mi\u015fin Kodlar\u0131 &#8211; TeknoAntik Projesi, teknolojinin yaln\u0131zca kullan\u0131lan de\u011fil, insanl\u0131k yarar\u0131na y\u00f6nlendirilen bir g\u00fcce d\u00f6n\u00fc\u015fmesini hedefliyor. Antik kentlerde ge\u00e7mi\u015fi anlamay\u0131, k\u00fclt\u00fcrel mirasla ba\u011f kurmay\u0131 ve onu bug\u00fcn\u00fcn diliyle yeniden anlatmay\u0131 \u00f6\u011frenece\u011fiz. Matematik dersinde \u00f6l\u00e7\u00fcmler yapacak, bili\u015fim dersinde teknolojiyi ve yapay zek\u00e2y\u0131 bilin\u00e7li kullanacak, T\u00fcrk\u00e7e dersinde ise t\u00fcm bu deneyimleri hik\u00e2yeye d\u00f6n\u00fc\u015ft\u00fcrece\u011fiz. \u00c7al\u0131\u015fmalar\u0131m\u0131z disiplinler aras\u0131 bir i\u015f birli\u011fi i\u00e7inde ilerleyecek &#8221; diyerek \u00f6\u011frencilerin antik kentlerde ge\u00e7mi\u015fi anlamay\u0131, k\u00fclt\u00fcrel miras\u0131 tan\u0131may\u0131 ve bunu \u00e7a\u011fda\u015f anlat\u0131m y\u00f6ntemleriyle aktarmay\u0131 \u00f6\u011frendi\u011fini s\u00f6yledi.<\/p>\n<p>\u2018Bu eserler ta\u015f de\u011fil\u2019<br \/>\n<br \/>Projenin ilk tan\u0131t\u0131m videosu Marmaris Kalesi M\u00fczesi\u2019nde \u00e7ekildi. \u00c7al\u0131\u015fma ile \u00f6\u011frencilerin, tarihi eserlerin yaln\u0131zca ta\u015f yap\u0131lardan ibaret olmad\u0131\u011f\u0131n\u0131, her birinin bir hikayesi oldu\u011funu fark etmeleri ve bu hikayeleri teknolojiyle canland\u0131rmalar\u0131 hedefleniyor.<\/p>\n<p>&#8220;Ge\u00e7mi\u015fin kodlar\u0131n\u0131 \u00e7\u00f6zece\u011fiz, gelece\u011fe miras b\u0131rakaca\u011f\u0131z&#8221; slogan\u0131yla yola \u00e7\u0131kan Ge\u00e7mi\u015fin Kodlar\u0131: TeknoAntik Projesi\u2019nin y\u0131l boyunca farkl\u0131 uygulamalarla devam edece\u011fi bildirildi.<br \/><\/p>\n","protected":false},"excerpt":{"rendered":"<p>Mu\u011fla\u2019n\u0131n Marmaris il\u00e7esinde bulunan Marmaris Evrenpa\u015fa Ortaokulu, T\u00fcrk\u00e7e, matematik ve bili\u015fim teknolojileri \u00f6\u011fretmenlerinin i\u015f birli\u011fiyle hayata ge\u00e7irilen &#8220;Ge\u00e7mi\u015fin Kodlar\u0131: TeknoAntik Projesi&#8221; dahilinde \u00f6\u011frencileri Marmaris Kalesi M\u00fczesi\u2019ne g\u00f6t\u00fcrd\u00fc. Projenin ilk ad\u0131m\u0131 olarak Marmaris Kalesi\u2019nde sergilenen tarihi eserleri inceleyen \u00f6\u011frenciler, k\u00fclt\u00fcrel mirasla ba\u011f kurarak ge\u00e7mi\u015fi bug\u00fcn\u00fcn diliyle yeniden anlatmay\u0131 \u00f6\u011freniyor. Disiplinler aras\u0131 y\u00fcr\u00fct\u00fclen proje kapsam\u0131nda Matematik dersinde&#8230;<\/p>\n","protected":false},"author":1,"featured_media":80913,"comment_status":"open","ping_status":"open","sticky":false,"template":"","format":"standard","meta":{"_crdt_document":"","footnotes":""},"categories":[1],"tags":[],"class_list":["post-80912","post","type-post","status-publish","format-standard","has-post-thumbnail","hentry","category-guncel"],"_links":{"self":[{"href":"https:\/\/www.egemtv.com\/index.php?rest_route=\/wp\/v2\/posts\/80912","targetHints":{"allow":["GET"]}}],"collection":[{"href":"https:\/\/www.egemtv.com\/index.php?rest_route=\/wp\/v2\/posts"}],"about":[{"href":"https:\/\/www.egemtv.com\/index.php?rest_route=\/wp\/v2\/types\/post"}],"author":[{"embeddable":true,"href":"https:\/\/www.egemtv.com\/index.php?rest_route=\/wp\/v2\/users\/1"}],"replies":[{"embeddable":true,"href":"https:\/\/www.egemtv.com\/index.php?rest_route=%2Fwp%2Fv2%2Fcomments&post=80912"}],"version-history":[{"count":1,"href":"https:\/\/www.egemtv.com\/index.php?rest_route=\/wp\/v2\/posts\/80912\/revisions"}],"predecessor-version":[{"id":80914,"href":"https:\/\/www.egemtv.com\/index.php?rest_route=\/wp\/v2\/posts\/80912\/revisions\/80914"}],"wp:featuredmedia":[{"embeddable":true,"href":"https:\/\/www.egemtv.com\/index.php?rest_route=\/wp\/v2\/media\/80913"}],"wp:attachment":[{"href":"https:\/\/www.egemtv.com\/index.php?rest_route=%2Fwp%2Fv2%2Fmedia&parent=80912"}],"wp:term":[{"taxonomy":"category","embeddable":true,"href":"https:\/\/www.egemtv.com\/index.php?rest_route=%2Fwp%2Fv2%2Fcategories&post=80912"},{"taxonomy":"post_tag","embeddable":true,"href":"https:\/\/www.egemtv.com\/index.php?rest_route=%2Fwp%2Fv2%2Ftags&post=80912"}],"curies":[{"name":"wp","href":"https:\/\/api.w.org\/{rel}","templated":true}]}}