{"id":80909,"date":"2026-01-15T12:54:42","date_gmt":"2026-01-15T09:54:42","guid":{"rendered":"https:\/\/www.egemtv.com\/?p=80909"},"modified":"2026-01-15T12:54:44","modified_gmt":"2026-01-15T09:54:44","slug":"suratli-otomobil-once-agaca-sonra-duvara-carpti","status":"publish","type":"post","link":"https:\/\/www.egemtv.com\/?p=80909","title":{"rendered":"S\u00fcratli otomobil \u00f6nce a\u011faca sonra duvara \u00e7arpt\u0131"},"content":{"rendered":"<p>Denizli\u2019de s\u00fcratli otomobil duramay\u0131nca \u00f6nce zeytin a\u011fac\u0131na, ard\u0131ndan duvara \u00e7arparak durabildi.<br \/>\n<br \/>Kaza, Buldan il\u00e7esi Cumhuriyet Mahallesi \u015eehir Stad\u0131 yolu \u00fczerinde meydana geldi.  Edinilen bilgilere g\u00f6re, s\u00fcr\u00fcc\u00fcs\u00fc hen\u00fcz \u00f6\u011frenilemeyen 74 AAY 967 plakal\u0131 otomobil, seyir halindeyken a\u015f\u0131r\u0131 s\u00fcrat nedeniyle s\u00fcr\u00fcc\u00fcs\u00fcn\u00fcn direksiyon hakimiyetini kaybetmesi sonucu yoldan \u00e7\u0131kt\u0131. H\u0131z\u0131n\u0131 alamayan ara\u00e7, \u015eehir Stad\u0131\u2019n\u0131n hemen yan\u0131ndaki kald\u0131r\u0131ma \u00e7\u0131karak \u00f6nce burada bulunan bir zeytin a\u011fac\u0131na ard\u0131ndan duvara \u00e7arparak durabildi. Olay s\u0131ras\u0131nda kald\u0131r\u0131mda yaya bulunmamas\u0131 muhtemel bir facian\u0131n \u00f6n\u00fcne ge\u00e7ti.<br \/>\n<br \/>Kazayla ilgili soru\u015fturma ba\u015flat\u0131ld\u0131.<br \/><\/p>\n","protected":false},"excerpt":{"rendered":"<p>Denizli\u2019de s\u00fcratli otomobil duramay\u0131nca \u00f6nce zeytin a\u011fac\u0131na, ard\u0131ndan duvara \u00e7arparak durabildi. Kaza, Buldan il\u00e7esi Cumhuriyet Mahallesi \u015eehir Stad\u0131 yolu \u00fczerinde meydana geldi. Edinilen bilgilere g\u00f6re, s\u00fcr\u00fcc\u00fcs\u00fc hen\u00fcz \u00f6\u011frenilemeyen 74 AAY 967 plakal\u0131 otomobil, seyir halindeyken a\u015f\u0131r\u0131 s\u00fcrat nedeniyle s\u00fcr\u00fcc\u00fcs\u00fcn\u00fcn direksiyon hakimiyetini kaybetmesi sonucu yoldan \u00e7\u0131kt\u0131. H\u0131z\u0131n\u0131 alamayan ara\u00e7, \u015eehir Stad\u0131\u2019n\u0131n hemen yan\u0131ndaki kald\u0131r\u0131ma \u00e7\u0131karak \u00f6nce&#8230;<\/p>\n","protected":false},"author":1,"featured_media":80910,"comment_status":"open","ping_status":"open","sticky":false,"template":"","format":"standard","meta":{"_crdt_document":"","footnotes":""},"categories":[5],"tags":[],"class_list":["post-80909","post","type-post","status-publish","format-standard","has-post-thumbnail","hentry","category-asayis"],"_links":{"self":[{"href":"https:\/\/www.egemtv.com\/index.php?rest_route=\/wp\/v2\/posts\/80909","targetHints":{"allow":["GET"]}}],"collection":[{"href":"https:\/\/www.egemtv.com\/index.php?rest_route=\/wp\/v2\/posts"}],"about":[{"href":"https:\/\/www.egemtv.com\/index.php?rest_route=\/wp\/v2\/types\/post"}],"author":[{"embeddable":true,"href":"https:\/\/www.egemtv.com\/index.php?rest_route=\/wp\/v2\/users\/1"}],"replies":[{"embeddable":true,"href":"https:\/\/www.egemtv.com\/index.php?rest_route=%2Fwp%2Fv2%2Fcomments&post=80909"}],"version-history":[{"count":1,"href":"https:\/\/www.egemtv.com\/index.php?rest_route=\/wp\/v2\/posts\/80909\/revisions"}],"predecessor-version":[{"id":80911,"href":"https:\/\/www.egemtv.com\/index.php?rest_route=\/wp\/v2\/posts\/80909\/revisions\/80911"}],"wp:featuredmedia":[{"embeddable":true,"href":"https:\/\/www.egemtv.com\/index.php?rest_route=\/wp\/v2\/media\/80910"}],"wp:attachment":[{"href":"https:\/\/www.egemtv.com\/index.php?rest_route=%2Fwp%2Fv2%2Fmedia&parent=80909"}],"wp:term":[{"taxonomy":"category","embeddable":true,"href":"https:\/\/www.egemtv.com\/index.php?rest_route=%2Fwp%2Fv2%2Fcategories&post=80909"},{"taxonomy":"post_tag","embeddable":true,"href":"https:\/\/www.egemtv.com\/index.php?rest_route=%2Fwp%2Fv2%2Ftags&post=80909"}],"curies":[{"name":"wp","href":"https:\/\/api.w.org\/{rel}","templated":true}]}}