{"id":80906,"date":"2026-01-15T12:35:35","date_gmt":"2026-01-15T09:35:35","guid":{"rendered":"https:\/\/www.egemtv.com\/?p=80906"},"modified":"2026-01-15T12:35:38","modified_gmt":"2026-01-15T09:35:38","slug":"aydin-lisesi-dil-yarismasinda-5-odulun-3unu-aldi","status":"publish","type":"post","link":"https:\/\/www.egemtv.com\/?p=80906","title":{"rendered":"Ayd\u0131n Lisesi, dil yar\u0131\u015fmas\u0131nda 5 \u00f6d\u00fcl\u00fcn 3\u2019\u00fcn\u00fc ald\u0131"},"content":{"rendered":"<p>Milli E\u011fitim Bakanl\u0131\u011f\u0131 taraf\u0131ndan y\u00fcr\u00fct\u00fclen ve T\u00fcrk\u00e7enin k\u00f6kl\u00fc ve zengin s\u00f6z varl\u0131\u011f\u0131n\u0131 tan\u0131tarak \u00f6\u011frencilerde dil bilincini g\u00fc\u00e7lendirmeyi ama\u00e7layan \u2019Dilimizin Zenginlikleri Projesi\u2019 kapsam\u0131nda d\u00fczenlenen bilgi yar\u0131\u015fmas\u0131nda Ayd\u0131n Lisesi \u00f6nemli bir ba\u015far\u0131ya imza att\u0131.<\/p>\n<p>Ayd\u0131n il genelindeki liselerin kat\u0131l\u0131m\u0131yla ger\u00e7ekle\u015ftirilen \u2019Dilimize Yerle\u015fmi\u015f Yabanc\u0131 Kelimeler\u2019 konulu yar\u0131\u015fmada Ayd\u0131n Lisesi \u00f6\u011frencileri, be\u015f \u00f6d\u00fcl\u00fcn \u00fc\u00e7\u00fcn\u00fc kazanarak dikkatleri \u00fczerine \u00e7ekti. Yar\u0131\u015fma sonu\u00e7lar\u0131na g\u00f6re Atlas Ery\u0131lmaz il birincisi olurken, Ayaz Efe Akduman il \u00fc\u00e7\u00fcnc\u00fcl\u00fc\u011f\u00fcn\u00fc elde etti. Uygar Karaduman ise mansiyon \u00f6d\u00fcl\u00fcne lay\u0131k g\u00f6r\u00fcld\u00fc. Dereceye giren \u00f6\u011frenciler, \u00f6d\u00fcllerini \u0130l Milli E\u011fitim M\u00fcd\u00fcr\u00fc Mehmet Yi\u011fit\u2019in elinden ald\u0131. T\u00f6rende, \u00f6\u011frencilerin T\u00fcrk\u00e7eye g\u00f6sterdikleri duyarl\u0131l\u0131k ve dil bilinci konusundaki ba\u015far\u0131lar\u0131 takdirle kar\u015f\u0131land\u0131. Ayd\u0131n Lisesi y\u00f6netimi ve \u00f6\u011fretmenleri, elde edilen bu anlaml\u0131 ba\u015far\u0131n\u0131n gurur verici oldu\u011funu belirterek, T\u00fcrk\u00e7enin do\u011fru ve bilin\u00e7li kullan\u0131m\u0131na y\u00f6nelik \u00e7al\u0131\u015fmalar\u0131n artarak devam edece\u011fini ifade etti.<br \/><\/p>\n","protected":false},"excerpt":{"rendered":"<p>Milli E\u011fitim Bakanl\u0131\u011f\u0131 taraf\u0131ndan y\u00fcr\u00fct\u00fclen ve T\u00fcrk\u00e7enin k\u00f6kl\u00fc ve zengin s\u00f6z varl\u0131\u011f\u0131n\u0131 tan\u0131tarak \u00f6\u011frencilerde dil bilincini g\u00fc\u00e7lendirmeyi ama\u00e7layan \u2019Dilimizin Zenginlikleri Projesi\u2019 kapsam\u0131nda d\u00fczenlenen bilgi yar\u0131\u015fmas\u0131nda Ayd\u0131n Lisesi \u00f6nemli bir ba\u015far\u0131ya imza att\u0131. Ayd\u0131n il genelindeki liselerin kat\u0131l\u0131m\u0131yla ger\u00e7ekle\u015ftirilen \u2019Dilimize Yerle\u015fmi\u015f Yabanc\u0131 Kelimeler\u2019 konulu yar\u0131\u015fmada Ayd\u0131n Lisesi \u00f6\u011frencileri, be\u015f \u00f6d\u00fcl\u00fcn \u00fc\u00e7\u00fcn\u00fc kazanarak dikkatleri \u00fczerine \u00e7ekti. Yar\u0131\u015fma&#8230;<\/p>\n","protected":false},"author":1,"featured_media":80907,"comment_status":"open","ping_status":"open","sticky":false,"template":"","format":"standard","meta":{"_crdt_document":"","footnotes":""},"categories":[1],"tags":[],"class_list":["post-80906","post","type-post","status-publish","format-standard","has-post-thumbnail","hentry","category-guncel"],"_links":{"self":[{"href":"https:\/\/www.egemtv.com\/index.php?rest_route=\/wp\/v2\/posts\/80906","targetHints":{"allow":["GET"]}}],"collection":[{"href":"https:\/\/www.egemtv.com\/index.php?rest_route=\/wp\/v2\/posts"}],"about":[{"href":"https:\/\/www.egemtv.com\/index.php?rest_route=\/wp\/v2\/types\/post"}],"author":[{"embeddable":true,"href":"https:\/\/www.egemtv.com\/index.php?rest_route=\/wp\/v2\/users\/1"}],"replies":[{"embeddable":true,"href":"https:\/\/www.egemtv.com\/index.php?rest_route=%2Fwp%2Fv2%2Fcomments&post=80906"}],"version-history":[{"count":1,"href":"https:\/\/www.egemtv.com\/index.php?rest_route=\/wp\/v2\/posts\/80906\/revisions"}],"predecessor-version":[{"id":80908,"href":"https:\/\/www.egemtv.com\/index.php?rest_route=\/wp\/v2\/posts\/80906\/revisions\/80908"}],"wp:featuredmedia":[{"embeddable":true,"href":"https:\/\/www.egemtv.com\/index.php?rest_route=\/wp\/v2\/media\/80907"}],"wp:attachment":[{"href":"https:\/\/www.egemtv.com\/index.php?rest_route=%2Fwp%2Fv2%2Fmedia&parent=80906"}],"wp:term":[{"taxonomy":"category","embeddable":true,"href":"https:\/\/www.egemtv.com\/index.php?rest_route=%2Fwp%2Fv2%2Fcategories&post=80906"},{"taxonomy":"post_tag","embeddable":true,"href":"https:\/\/www.egemtv.com\/index.php?rest_route=%2Fwp%2Fv2%2Ftags&post=80906"}],"curies":[{"name":"wp","href":"https:\/\/api.w.org\/{rel}","templated":true}]}}