{"id":80903,"date":"2026-01-15T12:35:34","date_gmt":"2026-01-15T09:35:34","guid":{"rendered":"https:\/\/www.egemtv.com\/?p=80903"},"modified":"2026-01-15T12:35:35","modified_gmt":"2026-01-15T09:35:35","slug":"hisarcikta-ogrencilere-yonelik-bilinclendirme-egitimleri","status":"publish","type":"post","link":"https:\/\/www.egemtv.com\/?p=80903","title":{"rendered":"Hisarc\u0131k\u2019ta \u00f6\u011frencilere y\u00f6nelik bilin\u00e7lendirme e\u011fitimleri"},"content":{"rendered":"<p>K\u00fctahya\u2019n\u0131n Hisarc\u0131k il\u00e7esinde ortaokul ve lise \u00f6\u011frencilerine y\u00f6nelik bilin\u00e7lendirme e\u011fitimleri ger\u00e7ekle\u015ftirildi.<br \/>\n<br \/>Sa\u011fl\u0131k Bakanl\u0131\u011f\u0131 Gen\u00e7 Akademisi Program\u0131 kapsam\u0131nda, Hisarc\u0131k \u0130l\u00e7e Hastanesinde g\u00f6rev yapan ebe \u00d6zlem Erdo\u011fmu\u015f At\u0131\u015f taraf\u0131ndan \u015eehitler Ortaokulu ile Anadolu \u0130mam Hatip Lisesi ve Ortaokulunda e\u011fitim programlar\u0131 d\u00fczenlendi. Program \u00e7er\u00e7evesinde her okulda \u00fc\u00e7 g\u00fcn s\u00fcren e\u011fitimlerde \u00f6\u011frencilere sa\u011fl\u0131kl\u0131 beslenme, fiziksel aktivite, akran zorbal\u0131\u011f\u0131 ve teknoloji ba\u011f\u0131ml\u0131l\u0131\u011f\u0131 konular\u0131nda bilgilendirme yap\u0131ld\u0131.<br \/>\n<br \/>E\u011fitimlerde; sa\u011fl\u0131kl\u0131 beslenme al\u0131\u015fkanl\u0131klar\u0131n\u0131n \u00f6nemi, g\u00fcnl\u00fck ya\u015famda fiziksel aktivitenin birey sa\u011fl\u0131\u011f\u0131na katk\u0131lar\u0131, akran zorbal\u0131\u011f\u0131n\u0131n \u00f6\u011frenciler \u00fczerindeki olumsuz etkileri ve teknoloji kullan\u0131m\u0131nda dikkat edilmesi gereken hususlar ele al\u0131nd\u0131. \u00d6\u011frencilerin sorular\u0131n\u0131n da yan\u0131tland\u0131\u011f\u0131 programlar\u0131n, bilin\u00e7 d\u00fczeyinin art\u0131r\u0131lmas\u0131na katk\u0131 sa\u011flad\u0131\u011f\u0131 belirtildi.<br \/><\/p>\n","protected":false},"excerpt":{"rendered":"<p>K\u00fctahya\u2019n\u0131n Hisarc\u0131k il\u00e7esinde ortaokul ve lise \u00f6\u011frencilerine y\u00f6nelik bilin\u00e7lendirme e\u011fitimleri ger\u00e7ekle\u015ftirildi. Sa\u011fl\u0131k Bakanl\u0131\u011f\u0131 Gen\u00e7 Akademisi Program\u0131 kapsam\u0131nda, Hisarc\u0131k \u0130l\u00e7e Hastanesinde g\u00f6rev yapan ebe \u00d6zlem Erdo\u011fmu\u015f At\u0131\u015f taraf\u0131ndan \u015eehitler Ortaokulu ile Anadolu \u0130mam Hatip Lisesi ve Ortaokulunda e\u011fitim programlar\u0131 d\u00fczenlendi. Program \u00e7er\u00e7evesinde her okulda \u00fc\u00e7 g\u00fcn s\u00fcren e\u011fitimlerde \u00f6\u011frencilere sa\u011fl\u0131kl\u0131 beslenme, fiziksel aktivite, akran zorbal\u0131\u011f\u0131 ve&#8230;<\/p>\n","protected":false},"author":1,"featured_media":80904,"comment_status":"open","ping_status":"open","sticky":false,"template":"","format":"standard","meta":{"_crdt_document":"","footnotes":""},"categories":[1],"tags":[],"class_list":["post-80903","post","type-post","status-publish","format-standard","has-post-thumbnail","hentry","category-guncel"],"_links":{"self":[{"href":"https:\/\/www.egemtv.com\/index.php?rest_route=\/wp\/v2\/posts\/80903","targetHints":{"allow":["GET"]}}],"collection":[{"href":"https:\/\/www.egemtv.com\/index.php?rest_route=\/wp\/v2\/posts"}],"about":[{"href":"https:\/\/www.egemtv.com\/index.php?rest_route=\/wp\/v2\/types\/post"}],"author":[{"embeddable":true,"href":"https:\/\/www.egemtv.com\/index.php?rest_route=\/wp\/v2\/users\/1"}],"replies":[{"embeddable":true,"href":"https:\/\/www.egemtv.com\/index.php?rest_route=%2Fwp%2Fv2%2Fcomments&post=80903"}],"version-history":[{"count":1,"href":"https:\/\/www.egemtv.com\/index.php?rest_route=\/wp\/v2\/posts\/80903\/revisions"}],"predecessor-version":[{"id":80905,"href":"https:\/\/www.egemtv.com\/index.php?rest_route=\/wp\/v2\/posts\/80903\/revisions\/80905"}],"wp:featuredmedia":[{"embeddable":true,"href":"https:\/\/www.egemtv.com\/index.php?rest_route=\/wp\/v2\/media\/80904"}],"wp:attachment":[{"href":"https:\/\/www.egemtv.com\/index.php?rest_route=%2Fwp%2Fv2%2Fmedia&parent=80903"}],"wp:term":[{"taxonomy":"category","embeddable":true,"href":"https:\/\/www.egemtv.com\/index.php?rest_route=%2Fwp%2Fv2%2Fcategories&post=80903"},{"taxonomy":"post_tag","embeddable":true,"href":"https:\/\/www.egemtv.com\/index.php?rest_route=%2Fwp%2Fv2%2Ftags&post=80903"}],"curies":[{"name":"wp","href":"https:\/\/api.w.org\/{rel}","templated":true}]}}