{"id":80900,"date":"2026-01-15T12:14:58","date_gmt":"2026-01-15T09:14:58","guid":{"rendered":"https:\/\/www.egemtv.com\/?p=80900"},"modified":"2026-01-15T12:14:59","modified_gmt":"2026-01-15T09:14:59","slug":"germencikte-karne-gunune-ozel-kar-senligi-duzenleniyor","status":"publish","type":"post","link":"https:\/\/www.egemtv.com\/?p=80900","title":{"rendered":"Germencik\u2019te karne g\u00fcn\u00fcne \u00f6zel kar \u015fenli\u011fi d\u00fczenleniyor"},"content":{"rendered":"<p>Germencik Belediye Ba\u015fkan\u0131 Burak Zencirci\u2019nin karne hediyesi olarak d\u00fczenledi\u011fi Kar \u015eenli\u011fi, 16 Ocak Cuma g\u00fcn\u00fc saat 14.00\u2019te Germencik ve Ortaklar\u2019da \u00fc\u00e7 farkl\u0131 meydanda e\u015f zamanl\u0131 olarak \u00e7ocuklarla bulu\u015facak.<\/p>\n<p>Germencik Belediyesi, ara d\u00f6nem karne sevincini \u00e7ocuklarla birlikte ya\u015famak amac\u0131yla Kar \u015eenli\u011fi d\u00fczenliyor. Germencik Belediye Ba\u015fkan\u0131 Burak Zencirci\u2019nin \u00e7ocuklara karne hediyesi olarak haz\u0131rlad\u0131\u011f\u0131 etkinlik, 16 Ocak Cuma g\u00fcn\u00fc saat 14.00\u2019te e\u015f zamanl\u0131 olarak ger\u00e7ekle\u015ftirilecek. Kar \u015eenli\u011fi, Germencik Cumhuriyet Meydan\u0131, Ortaklar Cumhuriyet Meydan\u0131 ve Ortaklar Nevruz Meydan\u0131\u2019nda \u00e7ocuklarla bulu\u015facak. Ger\u00e7ek kar\u0131n getirilece\u011fi etkinlikte minikler doyas\u0131ya e\u011flenirken, patlam\u0131\u015f m\u0131s\u0131r ikram\u0131, \u015fi\u015fme sosis balonlar, m\u00fczik ve birbirinden renkli s\u00fcrprizler de \u00e7ocuklara keyifli anlar ya\u015fatacak. Ba\u015fkan Burak Zencirci, yapt\u0131\u011f\u0131 davette \u00e7ocuklar\u0131n karne mutlulu\u011funu birlikte payla\u015fmak istediklerini belirterek, &#8220;E\u011flenmek, g\u00fclmek ve bu g\u00fczel g\u00fcn\u00fcn tad\u0131n\u0131 \u00e7\u0131karmak \u00e7ocuklar\u0131m\u0131zdan olsun. Karne g\u00fcn\u00fcnde t\u00fcm \u00e7ocuklar\u0131m\u0131z\u0131 Kar \u015eenli\u011fimize bekliyoruz&#8221; ifadelerini kulland\u0131.<\/p>\n<p>Germencik Belediyesi taraf\u0131ndan d\u00fczenlenen Kar \u015eenli\u011fi\u2019nde \u00e7ocuklar\u0131n so\u011fuk havaya kar\u015f\u0131 haz\u0131rl\u0131kl\u0131 gelmeleri i\u00e7in kar eldivenlerini unutmamalar\u0131 da hat\u0131rlat\u0131ld\u0131.<br \/><\/p>\n","protected":false},"excerpt":{"rendered":"<p>Germencik Belediye Ba\u015fkan\u0131 Burak Zencirci\u2019nin karne hediyesi olarak d\u00fczenledi\u011fi Kar \u015eenli\u011fi, 16 Ocak Cuma g\u00fcn\u00fc saat 14.00\u2019te Germencik ve Ortaklar\u2019da \u00fc\u00e7 farkl\u0131 meydanda e\u015f zamanl\u0131 olarak \u00e7ocuklarla bulu\u015facak. Germencik Belediyesi, ara d\u00f6nem karne sevincini \u00e7ocuklarla birlikte ya\u015famak amac\u0131yla Kar \u015eenli\u011fi d\u00fczenliyor. Germencik Belediye Ba\u015fkan\u0131 Burak Zencirci\u2019nin \u00e7ocuklara karne hediyesi olarak haz\u0131rlad\u0131\u011f\u0131 etkinlik, 16 Ocak Cuma&#8230;<\/p>\n","protected":false},"author":1,"featured_media":80901,"comment_status":"open","ping_status":"open","sticky":false,"template":"","format":"standard","meta":{"_crdt_document":"","footnotes":""},"categories":[1],"tags":[],"class_list":["post-80900","post","type-post","status-publish","format-standard","has-post-thumbnail","hentry","category-guncel"],"_links":{"self":[{"href":"https:\/\/www.egemtv.com\/index.php?rest_route=\/wp\/v2\/posts\/80900","targetHints":{"allow":["GET"]}}],"collection":[{"href":"https:\/\/www.egemtv.com\/index.php?rest_route=\/wp\/v2\/posts"}],"about":[{"href":"https:\/\/www.egemtv.com\/index.php?rest_route=\/wp\/v2\/types\/post"}],"author":[{"embeddable":true,"href":"https:\/\/www.egemtv.com\/index.php?rest_route=\/wp\/v2\/users\/1"}],"replies":[{"embeddable":true,"href":"https:\/\/www.egemtv.com\/index.php?rest_route=%2Fwp%2Fv2%2Fcomments&post=80900"}],"version-history":[{"count":1,"href":"https:\/\/www.egemtv.com\/index.php?rest_route=\/wp\/v2\/posts\/80900\/revisions"}],"predecessor-version":[{"id":80902,"href":"https:\/\/www.egemtv.com\/index.php?rest_route=\/wp\/v2\/posts\/80900\/revisions\/80902"}],"wp:featuredmedia":[{"embeddable":true,"href":"https:\/\/www.egemtv.com\/index.php?rest_route=\/wp\/v2\/media\/80901"}],"wp:attachment":[{"href":"https:\/\/www.egemtv.com\/index.php?rest_route=%2Fwp%2Fv2%2Fmedia&parent=80900"}],"wp:term":[{"taxonomy":"category","embeddable":true,"href":"https:\/\/www.egemtv.com\/index.php?rest_route=%2Fwp%2Fv2%2Fcategories&post=80900"},{"taxonomy":"post_tag","embeddable":true,"href":"https:\/\/www.egemtv.com\/index.php?rest_route=%2Fwp%2Fv2%2Ftags&post=80900"}],"curies":[{"name":"wp","href":"https:\/\/api.w.org\/{rel}","templated":true}]}}