{"id":80894,"date":"2026-01-15T12:14:56","date_gmt":"2026-01-15T09:14:56","guid":{"rendered":"https:\/\/www.egemtv.com\/?p=80894"},"modified":"2026-01-15T12:14:57","modified_gmt":"2026-01-15T09:14:57","slug":"tavsanlida-otomobil-takla-atti-1-yarali","status":"publish","type":"post","link":"https:\/\/www.egemtv.com\/?p=80894","title":{"rendered":"Tav\u015fanl\u0131\u2019da otomobil takla att\u0131: 1 yaral\u0131"},"content":{"rendered":"<p>K\u00fctahya\u2019n\u0131n Tav\u015fanl\u0131 il\u00e7esinde, s\u00fcr\u00fcc\u00fcs\u00fcn\u00fcn direksiyon h\u00e2kimiyetini kaybetti\u011fi otomobilin orta ref\u00fcjdeki a\u011faca \u00e7arparak takla atmas\u0131 sonucu meydana gelen trafik kazas\u0131nda 1 ki\u015fi yaraland\u0131.<br \/>\n<br \/>Kaza, Tav\u015fanl\u0131 il\u00e7esi Beyk\u00f6y Mahallesi mevkiinde meydana geldi. Edinilen bilgilere g\u00f6re, Tun\u00e7bilek istikametine seyir halinde olan 43 DR 704 plakal\u0131 otomobil, s\u00fcr\u00fcc\u00fcs\u00fc H.R.K.\u2019nin hen\u00fcz belirlenemeyen bir nedenle direksiyon h\u00e2kimiyetini kaybetmesi sonucu kontrolden \u00e7\u0131kt\u0131. Savrulan otomobil, yolun orta ref\u00fcj\u00fcnde bulunan a\u011faca \u00e7arpt\u0131ktan sonra takla atarak durabildi.<br \/>\n<br \/>Kazay\u0131 g\u00f6ren vatanda\u015flar\u0131n ihbar\u0131 \u00fczerine olay yerine sa\u011fl\u0131k ve trafik ekipleri sevk edildi. Kazada yaralanan s\u00fcr\u00fcc\u00fc H.R.K., olay yerinde yap\u0131lan ilk m\u00fcdahalenin ard\u0131ndan ambulansla Tav\u015fanl\u0131 Do\u00e7. Dr. Mustafa Kalemli Devlet Hastanesi\u2019ne kald\u0131r\u0131larak tedavi alt\u0131na al\u0131nd\u0131.<br \/>\n<br \/>Polis ekipleri kazayla ilgili inceleme ba\u015flat\u0131rken, karayollar\u0131 ekipleri de yol \u00fczerinde temizlik \u00e7al\u0131\u015fmas\u0131 ger\u00e7ekle\u015ftirdi.<br \/><\/p>\n","protected":false},"excerpt":{"rendered":"<p>K\u00fctahya\u2019n\u0131n Tav\u015fanl\u0131 il\u00e7esinde, s\u00fcr\u00fcc\u00fcs\u00fcn\u00fcn direksiyon h\u00e2kimiyetini kaybetti\u011fi otomobilin orta ref\u00fcjdeki a\u011faca \u00e7arparak takla atmas\u0131 sonucu meydana gelen trafik kazas\u0131nda 1 ki\u015fi yaraland\u0131. Kaza, Tav\u015fanl\u0131 il\u00e7esi Beyk\u00f6y Mahallesi mevkiinde meydana geldi. Edinilen bilgilere g\u00f6re, Tun\u00e7bilek istikametine seyir halinde olan 43 DR 704 plakal\u0131 otomobil, s\u00fcr\u00fcc\u00fcs\u00fc H.R.K.\u2019nin hen\u00fcz belirlenemeyen bir nedenle direksiyon h\u00e2kimiyetini kaybetmesi sonucu kontrolden \u00e7\u0131kt\u0131&#8230;.<\/p>\n","protected":false},"author":1,"featured_media":80895,"comment_status":"open","ping_status":"open","sticky":false,"template":"","format":"standard","meta":{"_crdt_document":"","footnotes":""},"categories":[5],"tags":[],"class_list":["post-80894","post","type-post","status-publish","format-standard","has-post-thumbnail","hentry","category-asayis"],"_links":{"self":[{"href":"https:\/\/www.egemtv.com\/index.php?rest_route=\/wp\/v2\/posts\/80894","targetHints":{"allow":["GET"]}}],"collection":[{"href":"https:\/\/www.egemtv.com\/index.php?rest_route=\/wp\/v2\/posts"}],"about":[{"href":"https:\/\/www.egemtv.com\/index.php?rest_route=\/wp\/v2\/types\/post"}],"author":[{"embeddable":true,"href":"https:\/\/www.egemtv.com\/index.php?rest_route=\/wp\/v2\/users\/1"}],"replies":[{"embeddable":true,"href":"https:\/\/www.egemtv.com\/index.php?rest_route=%2Fwp%2Fv2%2Fcomments&post=80894"}],"version-history":[{"count":1,"href":"https:\/\/www.egemtv.com\/index.php?rest_route=\/wp\/v2\/posts\/80894\/revisions"}],"predecessor-version":[{"id":80896,"href":"https:\/\/www.egemtv.com\/index.php?rest_route=\/wp\/v2\/posts\/80894\/revisions\/80896"}],"wp:featuredmedia":[{"embeddable":true,"href":"https:\/\/www.egemtv.com\/index.php?rest_route=\/wp\/v2\/media\/80895"}],"wp:attachment":[{"href":"https:\/\/www.egemtv.com\/index.php?rest_route=%2Fwp%2Fv2%2Fmedia&parent=80894"}],"wp:term":[{"taxonomy":"category","embeddable":true,"href":"https:\/\/www.egemtv.com\/index.php?rest_route=%2Fwp%2Fv2%2Fcategories&post=80894"},{"taxonomy":"post_tag","embeddable":true,"href":"https:\/\/www.egemtv.com\/index.php?rest_route=%2Fwp%2Fv2%2Ftags&post=80894"}],"curies":[{"name":"wp","href":"https:\/\/api.w.org\/{rel}","templated":true}]}}