{"id":80891,"date":"2026-01-15T11:54:51","date_gmt":"2026-01-15T08:54:51","guid":{"rendered":"https:\/\/www.egemtv.com\/?p=80891"},"modified":"2026-01-15T11:54:52","modified_gmt":"2026-01-15T08:54:52","slug":"menemende-ozel-cocuklarin-karne-sevinci-yurekleri-isitti","status":"publish","type":"post","link":"https:\/\/www.egemtv.com\/?p=80891","title":{"rendered":"Menemen\u2019de \u00f6zel \u00e7ocuklar\u0131n karne sevinci y\u00fcrekleri \u0131s\u0131tt\u0131"},"content":{"rendered":"<p>Menemen Belediyesi, il\u00e7ede ya\u015fayan ve \u00e7e\u015fitli okullarda e\u011fitim g\u00f6ren \u00f6zel \u00e7ocuklar i\u00e7in karne etkinli\u011fi d\u00fczenledi. Pasta kesimi, oyunlar ve \u00e7e\u015fitli etkinliklerle unutulmaz bir an\u0131ya d\u00f6n\u00fc\u015fen etkinlikte, Menemen Belediye Ba\u015fkan\u0131 Ayd\u0131n Pehlivan da \u00e7ocuklar\u0131n sevincine ortak oldu.<br \/>\n<br \/>T\u00fcrkiye\u2019nin en b\u00fcy\u00fck tematik \u00e7ocuk oyun k\u00f6y\u00fcnden, il\u00e7enin d\u00f6rt bir yan\u0131ndaki modern oyun gruplar\u0131yla donat\u0131lm\u0131\u015f parklara, k\u0131rtasiye yard\u0131mlar\u0131ndan dijital e\u011fitim paketlerine, hal\u0131 saha ve basketbol sahalar\u0131ndan kaykay pistine, piyanodan atletizme \u00fccretsiz sanat ve spor kurslar\u0131na, \u00e7ocuk oyun evinden \u00e7e\u015fitli etkinliklere kadar yar\u0131n\u0131n b\u00fcy\u00fc\u011f\u00fc olacak olan \u00e7ocuklar i\u00e7in bir\u00e7ok hizmet \u00fcreten Menemen Belediyesi, minikler i\u00e7in projeler ve hizmetler \u00fcretip, etkinlikler d\u00fczenlemeye devam ediyor.<\/p>\n<p>\u00dc\u00e7 noktadan servis hizmeti verildi<br \/>\n<br \/>Menemen Belediyesi bu kapsamda yar\u0131y\u0131l tatiline say\u0131l\u0131 g\u00fcnler kala, \u00f6zel gereksinimle \u00e7ocuklar i\u00e7in de unutulmaz bir karne etkinli\u011fi d\u00fczenledi. Tepe Sosyal Tesisleri\u2019nde d\u00fczenlenen etkinli\u011fe \u00e7ocuklar ve ailelerinin rahat kat\u0131labilmeleri ad\u0131na Cumhuriyet Meydan\u0131, \u00c7ocuk Oyunevi ve \u0130ZBAN \u0130stasyonu olmak \u00fczere \u00fc\u00e7 farkl\u0131 noktadan servis hizmeti verildi. Menemen \u0130l\u00e7e Milli E\u011fitim M\u00fcd\u00fcrl\u00fc\u011f\u00fc ile koordineli \u015fekilde d\u00fczenlenen karne \u015fenli\u011fine Menemen Belediye Ba\u015fkan\u0131 Ayd\u0131n Pehlivan, Menemen \u0130l\u00e7e Milli E\u011fitim M\u00fcd\u00fcr\u00fc Sibel A\u011fao\u011flu \u00d6zer, okullar, \u00f6zel e\u011fitim kurumlar\u0131, dernekler ve aileler kat\u0131ld\u0131.<\/p>\n<p>Minikler doyas\u0131ya e\u011flendi<br \/>\n<br \/>Etkinlikte y\u00fcz boyama k\u00f6\u015fesinde y\u00fczleri boyanan \u00e7ocuklar, yemek sonras\u0131 patlam\u0131\u015f m\u0131s\u0131r ve pamuk \u015feker ikram\u0131yla birlikte bol bol dans ederek g\u00fcn\u00fcn keyfini \u00e7\u0131kard\u0131. Bir \u00f6\u011frencinin \u00c7akal \u00c7\u00f6kerten Zeybe\u011fi oynamas\u0131 b\u00fcy\u00fck alk\u0131\u015f al\u0131rken, Huriye Mehmet Ak\u00e7asak\u0131z Ortaokulu\u2019ndan bir \u00f6\u011fretmenin \u00e7ald\u0131\u011f\u0131 ba\u011flama e\u015fli\u011finde bir \u00f6\u011frencinin Mihriban t\u00fcrk\u00fcs\u00fcn\u00fc s\u00f6ylemesi de b\u00fcy\u00fck be\u011feni toplad\u0131. Karne etkinli\u011finde pasta kesim s\u0131ras\u0131ndaysa minilerin mutlulu\u011fu zirveye \u00e7\u0131kt\u0131.<\/p>\n<p>Ba\u015fkan Pehlivan\u2019dan engelsiz ya\u015fam merkezi s\u00f6z\u00fc<br \/>\n<br \/>Karne etkinli\u011finde yapt\u0131\u011f\u0131 konu\u015fmas\u0131nda ailelere sevgi ve fedakarl\u0131klar\u0131, \u00f6\u011fretmenlere de emekleri i\u00e7in te\u015fekk\u00fcr eden Menemen Belediye Ba\u015fkan\u0131 Ayd\u0131n Pehlivan, &#8220;\u00d6zel gereksinimli evlatlar\u0131m\u0131z\u0131n hem e\u011fitim hem de sosyal hayat\u0131na de\u011fer katacak her projede yanlar\u0131nday\u0131z.&#8221; dedi. Ba\u015fkan Pehlivan, &#8220;Engelsiz bir kent; sadece rampalarla, binalarla de\u011fil; sevgiyle, anlay\u0131\u015fla ve dayan\u0131\u015fmayla kurulur. Bu anlay\u0131\u015fla; Engelsiz Kafemiz, \u00e7ocuk oyun evlerimiz ve gen\u00e7lik merkezlerimizle evlatlar\u0131m\u0131z\u0131n hem e\u011fitim hem de sosyal hayatlar\u0131na de\u011fer katacak projelerle her daim yanlar\u0131nda olmaya \u00e7al\u0131\u015f\u0131yoruz. Ayr\u0131ca il\u00e7emize bir Engelsiz Ya\u015fam Merkezi kazand\u0131rmak istiyoruz. \u0130n\u015fallah \u00e7ok yak\u0131nda Menemen\u2019de de; evlatlar\u0131m\u0131z\u0131n g\u00fcvenle geli\u015fece\u011fi, sosyalle\u015fece\u011fi ve hayata daha g\u00fc\u00e7l\u00fc haz\u0131rlanaca\u011f\u0131 bir merkezi hep birlikte hayata ge\u00e7irece\u011fiz.&#8221; dedi.<br \/>\n<br \/>Ba\u015fkan Pehlivan\u2019\u0131n engelsiz ya\u015fam merkezi s\u00f6z\u00fcn\u00fcn b\u00fcy\u00fck alk\u0131\u015f ald\u0131\u011f\u0131 etkinlik, miniklerin g\u00f6n\u00fcllerince doyas\u0131ya e\u011flenmesiyle son buldu.<br \/><\/p>\n","protected":false},"excerpt":{"rendered":"<p>Menemen Belediyesi, il\u00e7ede ya\u015fayan ve \u00e7e\u015fitli okullarda e\u011fitim g\u00f6ren \u00f6zel \u00e7ocuklar i\u00e7in karne etkinli\u011fi d\u00fczenledi. Pasta kesimi, oyunlar ve \u00e7e\u015fitli etkinliklerle unutulmaz bir an\u0131ya d\u00f6n\u00fc\u015fen etkinlikte, Menemen Belediye Ba\u015fkan\u0131 Ayd\u0131n Pehlivan da \u00e7ocuklar\u0131n sevincine ortak oldu. T\u00fcrkiye\u2019nin en b\u00fcy\u00fck tematik \u00e7ocuk oyun k\u00f6y\u00fcnden, il\u00e7enin d\u00f6rt bir yan\u0131ndaki modern oyun gruplar\u0131yla donat\u0131lm\u0131\u015f parklara, k\u0131rtasiye yard\u0131mlar\u0131ndan dijital&#8230;<\/p>\n","protected":false},"author":1,"featured_media":80892,"comment_status":"open","ping_status":"open","sticky":false,"template":"","format":"standard","meta":{"_crdt_document":"","footnotes":""},"categories":[1],"tags":[],"class_list":["post-80891","post","type-post","status-publish","format-standard","has-post-thumbnail","hentry","category-guncel"],"_links":{"self":[{"href":"https:\/\/www.egemtv.com\/index.php?rest_route=\/wp\/v2\/posts\/80891","targetHints":{"allow":["GET"]}}],"collection":[{"href":"https:\/\/www.egemtv.com\/index.php?rest_route=\/wp\/v2\/posts"}],"about":[{"href":"https:\/\/www.egemtv.com\/index.php?rest_route=\/wp\/v2\/types\/post"}],"author":[{"embeddable":true,"href":"https:\/\/www.egemtv.com\/index.php?rest_route=\/wp\/v2\/users\/1"}],"replies":[{"embeddable":true,"href":"https:\/\/www.egemtv.com\/index.php?rest_route=%2Fwp%2Fv2%2Fcomments&post=80891"}],"version-history":[{"count":1,"href":"https:\/\/www.egemtv.com\/index.php?rest_route=\/wp\/v2\/posts\/80891\/revisions"}],"predecessor-version":[{"id":80893,"href":"https:\/\/www.egemtv.com\/index.php?rest_route=\/wp\/v2\/posts\/80891\/revisions\/80893"}],"wp:featuredmedia":[{"embeddable":true,"href":"https:\/\/www.egemtv.com\/index.php?rest_route=\/wp\/v2\/media\/80892"}],"wp:attachment":[{"href":"https:\/\/www.egemtv.com\/index.php?rest_route=%2Fwp%2Fv2%2Fmedia&parent=80891"}],"wp:term":[{"taxonomy":"category","embeddable":true,"href":"https:\/\/www.egemtv.com\/index.php?rest_route=%2Fwp%2Fv2%2Fcategories&post=80891"},{"taxonomy":"post_tag","embeddable":true,"href":"https:\/\/www.egemtv.com\/index.php?rest_route=%2Fwp%2Fv2%2Ftags&post=80891"}],"curies":[{"name":"wp","href":"https:\/\/api.w.org\/{rel}","templated":true}]}}