{"id":80888,"date":"2026-01-15T11:54:50","date_gmt":"2026-01-15T08:54:50","guid":{"rendered":"https:\/\/www.egemtv.com\/?p=80888"},"modified":"2026-01-15T11:54:51","modified_gmt":"2026-01-15T08:54:51","slug":"izmirde-insaattan-dusen-isci-hayatini-kaybetti","status":"publish","type":"post","link":"https:\/\/www.egemtv.com\/?p=80888","title":{"rendered":"\u0130zmir\u2019de in\u015faattan d\u00fc\u015fen i\u015f\u00e7i hayat\u0131n\u0131 kaybetti"},"content":{"rendered":"<p>\u0130zmir\u2019in Kemalpa\u015fa il\u00e7esinde \u00e7al\u0131\u015ft\u0131\u011f\u0131 in\u015faat\u0131n 6. kat\u0131ndan d\u00fc\u015fen i\u015f\u00e7i, ya\u015fam\u0131n\u0131 yitirdi.<br \/>\n<br \/>Olay, d\u00fcn Kemalpa\u015fa\u2019ya ba\u011fl\u0131 Ba\u011fyurdu Mahallesi\u2019nde meydana geldi. Edinilen bilgiye g\u00f6re, in\u015faatta \u00e7al\u0131\u015fan Murat Kaya, bulundu\u011fu binan\u0131n 6. kat\u0131ndan a\u015fa\u011f\u0131 d\u00fc\u015ft\u00fc. \u0130hbar \u00fczerine olay yerine sa\u011fl\u0131k ekipleri sevk edildi. Yap\u0131lan kontrollerde Kaya\u2019n\u0131n hayat\u0131n\u0131 kaybetti\u011fi belirlendi. Kaya\u2019n\u0131n cenazesi, savc\u0131l\u0131k incelemesinin ard\u0131ndan otopsisi i\u00e7in Adli T\u0131p Kurumu morguna kald\u0131r\u0131ld\u0131. Cenaze, i\u015flemlerin ard\u0131ndan Kemalpa\u015fa Ba\u011fyurdu Ye\u015filyurt K\u00f6y\u00fc Camisi\u2019nde k\u0131l\u0131nacak namaz sonras\u0131 defnedilecek.<br \/>\n<br \/>Olayla ilgili soru\u015fturma ba\u015flat\u0131ld\u0131.<br \/><\/p>\n","protected":false},"excerpt":{"rendered":"<p>\u0130zmir\u2019in Kemalpa\u015fa il\u00e7esinde \u00e7al\u0131\u015ft\u0131\u011f\u0131 in\u015faat\u0131n 6. kat\u0131ndan d\u00fc\u015fen i\u015f\u00e7i, ya\u015fam\u0131n\u0131 yitirdi. Olay, d\u00fcn Kemalpa\u015fa\u2019ya ba\u011fl\u0131 Ba\u011fyurdu Mahallesi\u2019nde meydana geldi. Edinilen bilgiye g\u00f6re, in\u015faatta \u00e7al\u0131\u015fan Murat Kaya, bulundu\u011fu binan\u0131n 6. kat\u0131ndan a\u015fa\u011f\u0131 d\u00fc\u015ft\u00fc. \u0130hbar \u00fczerine olay yerine sa\u011fl\u0131k ekipleri sevk edildi. Yap\u0131lan kontrollerde Kaya\u2019n\u0131n hayat\u0131n\u0131 kaybetti\u011fi belirlendi. Kaya\u2019n\u0131n cenazesi, savc\u0131l\u0131k incelemesinin ard\u0131ndan otopsisi i\u00e7in Adli T\u0131p&#8230;<\/p>\n","protected":false},"author":1,"featured_media":80889,"comment_status":"open","ping_status":"open","sticky":false,"template":"","format":"standard","meta":{"_crdt_document":"","footnotes":""},"categories":[5],"tags":[],"class_list":["post-80888","post","type-post","status-publish","format-standard","has-post-thumbnail","hentry","category-asayis"],"_links":{"self":[{"href":"https:\/\/www.egemtv.com\/index.php?rest_route=\/wp\/v2\/posts\/80888","targetHints":{"allow":["GET"]}}],"collection":[{"href":"https:\/\/www.egemtv.com\/index.php?rest_route=\/wp\/v2\/posts"}],"about":[{"href":"https:\/\/www.egemtv.com\/index.php?rest_route=\/wp\/v2\/types\/post"}],"author":[{"embeddable":true,"href":"https:\/\/www.egemtv.com\/index.php?rest_route=\/wp\/v2\/users\/1"}],"replies":[{"embeddable":true,"href":"https:\/\/www.egemtv.com\/index.php?rest_route=%2Fwp%2Fv2%2Fcomments&post=80888"}],"version-history":[{"count":1,"href":"https:\/\/www.egemtv.com\/index.php?rest_route=\/wp\/v2\/posts\/80888\/revisions"}],"predecessor-version":[{"id":80890,"href":"https:\/\/www.egemtv.com\/index.php?rest_route=\/wp\/v2\/posts\/80888\/revisions\/80890"}],"wp:featuredmedia":[{"embeddable":true,"href":"https:\/\/www.egemtv.com\/index.php?rest_route=\/wp\/v2\/media\/80889"}],"wp:attachment":[{"href":"https:\/\/www.egemtv.com\/index.php?rest_route=%2Fwp%2Fv2%2Fmedia&parent=80888"}],"wp:term":[{"taxonomy":"category","embeddable":true,"href":"https:\/\/www.egemtv.com\/index.php?rest_route=%2Fwp%2Fv2%2Fcategories&post=80888"},{"taxonomy":"post_tag","embeddable":true,"href":"https:\/\/www.egemtv.com\/index.php?rest_route=%2Fwp%2Fv2%2Ftags&post=80888"}],"curies":[{"name":"wp","href":"https:\/\/api.w.org\/{rel}","templated":true}]}}