{"id":80885,"date":"2026-01-15T11:54:49","date_gmt":"2026-01-15T08:54:49","guid":{"rendered":"https:\/\/www.egemtv.com\/?p=80885"},"modified":"2026-01-15T11:54:50","modified_gmt":"2026-01-15T08:54:50","slug":"muglali-milli-okcu-emircan-haney-yilin-okcusu-odulune-aday-gosterildi","status":"publish","type":"post","link":"https:\/\/www.egemtv.com\/?p=80885","title":{"rendered":"Mu\u011flal\u0131 milli ok\u00e7u Emircan Haney, y\u0131l\u0131n ok\u00e7usu \u00f6d\u00fcl\u00fcne aday g\u00f6sterildi"},"content":{"rendered":"<p>\u00c7in\u2019in Nanjing kentinde d\u00fczenlenen d\u00fcnya kupas\u0131 finallerinde alt\u0131n madalyay\u0131 boynuna takan milli ok\u00e7u Emircan Haney, \u2019Y\u0131l\u0131n Ok\u00e7usu\u2019 \u00f6d\u00fcl\u00fcne aday g\u00f6sterildi.<br \/>\n<br \/>Milli ok\u00e7u Emircan Haney, D\u00fcnya Ok\u00e7uluk Federasyonu\u2019nun ba\u015flatt\u0131\u011f\u0131 k\u00fcresel oylamada \u2019Y\u0131l\u0131n Ok\u00e7usu\u2019 \u00f6d\u00fcl\u00fcne aday g\u00f6sterildi. 9 ya\u015f\u0131nda ba\u015flad\u0131\u011f\u0131 ok\u00e7uluk kariyerinde \u00f6nemli ba\u015far\u0131lar elde eden Haney\u2019in d\u00fcnya \u015fampiyonlu\u011fu \u00fcnvan\u0131n\u0131 \u2019Y\u0131l\u0131n Ok\u00e7usu\u2019 \u00f6d\u00fcl\u00fcyle ta\u00e7land\u0131rmas\u0131 i\u00e7in halk oylamas\u0131 s\u00fcreci ba\u015flad\u0131. D\u00fcnyan\u0131n d\u00f6rt bir yan\u0131ndan ok\u00e7uluk tutkunlar\u0131n\u0131n kat\u0131ld\u0131\u011f\u0131 oylamada, kazanan\u0131 halk\u0131n oylar\u0131 belirleyecek. Ay-y\u0131ld\u0131zl\u0131 bayra\u011f\u0131 \u00c7in\u2019de g\u00f6ndere \u00e7ektiren Emircan Haney i\u00e7in www.worldarcheryawards.com adresinden oy kullan\u0131labilecek.<br \/><\/p>\n","protected":false},"excerpt":{"rendered":"<p>\u00c7in\u2019in Nanjing kentinde d\u00fczenlenen d\u00fcnya kupas\u0131 finallerinde alt\u0131n madalyay\u0131 boynuna takan milli ok\u00e7u Emircan Haney, \u2019Y\u0131l\u0131n Ok\u00e7usu\u2019 \u00f6d\u00fcl\u00fcne aday g\u00f6sterildi. Milli ok\u00e7u Emircan Haney, D\u00fcnya Ok\u00e7uluk Federasyonu\u2019nun ba\u015flatt\u0131\u011f\u0131 k\u00fcresel oylamada \u2019Y\u0131l\u0131n Ok\u00e7usu\u2019 \u00f6d\u00fcl\u00fcne aday g\u00f6sterildi. 9 ya\u015f\u0131nda ba\u015flad\u0131\u011f\u0131 ok\u00e7uluk kariyerinde \u00f6nemli ba\u015far\u0131lar elde eden Haney\u2019in d\u00fcnya \u015fampiyonlu\u011fu \u00fcnvan\u0131n\u0131 \u2019Y\u0131l\u0131n Ok\u00e7usu\u2019 \u00f6d\u00fcl\u00fcyle ta\u00e7land\u0131rmas\u0131 i\u00e7in halk oylamas\u0131&#8230;<\/p>\n","protected":false},"author":1,"featured_media":80886,"comment_status":"open","ping_status":"open","sticky":false,"template":"","format":"standard","meta":{"_crdt_document":"","footnotes":""},"categories":[4],"tags":[],"class_list":["post-80885","post","type-post","status-publish","format-standard","has-post-thumbnail","hentry","category-spor"],"_links":{"self":[{"href":"https:\/\/www.egemtv.com\/index.php?rest_route=\/wp\/v2\/posts\/80885","targetHints":{"allow":["GET"]}}],"collection":[{"href":"https:\/\/www.egemtv.com\/index.php?rest_route=\/wp\/v2\/posts"}],"about":[{"href":"https:\/\/www.egemtv.com\/index.php?rest_route=\/wp\/v2\/types\/post"}],"author":[{"embeddable":true,"href":"https:\/\/www.egemtv.com\/index.php?rest_route=\/wp\/v2\/users\/1"}],"replies":[{"embeddable":true,"href":"https:\/\/www.egemtv.com\/index.php?rest_route=%2Fwp%2Fv2%2Fcomments&post=80885"}],"version-history":[{"count":1,"href":"https:\/\/www.egemtv.com\/index.php?rest_route=\/wp\/v2\/posts\/80885\/revisions"}],"predecessor-version":[{"id":80887,"href":"https:\/\/www.egemtv.com\/index.php?rest_route=\/wp\/v2\/posts\/80885\/revisions\/80887"}],"wp:featuredmedia":[{"embeddable":true,"href":"https:\/\/www.egemtv.com\/index.php?rest_route=\/wp\/v2\/media\/80886"}],"wp:attachment":[{"href":"https:\/\/www.egemtv.com\/index.php?rest_route=%2Fwp%2Fv2%2Fmedia&parent=80885"}],"wp:term":[{"taxonomy":"category","embeddable":true,"href":"https:\/\/www.egemtv.com\/index.php?rest_route=%2Fwp%2Fv2%2Fcategories&post=80885"},{"taxonomy":"post_tag","embeddable":true,"href":"https:\/\/www.egemtv.com\/index.php?rest_route=%2Fwp%2Fv2%2Ftags&post=80885"}],"curies":[{"name":"wp","href":"https:\/\/api.w.org\/{rel}","templated":true}]}}