{"id":80882,"date":"2026-01-15T11:34:51","date_gmt":"2026-01-15T08:34:51","guid":{"rendered":"https:\/\/www.egemtv.com\/?p=80882"},"modified":"2026-01-15T11:34:52","modified_gmt":"2026-01-15T08:34:52","slug":"daha-surdurulebilir-bir-gelecek-icin-kuresel-sorun-odakli-steam-ogretimi-projesi-sona-erdi","status":"publish","type":"post","link":"https:\/\/www.egemtv.com\/?p=80882","title":{"rendered":"\u2018Daha S\u00fcrd\u00fcr\u00fclebilir Bir Gelecek \u0130\u00e7in K\u00fcresel Sorun Odakl\u0131 STEAM \u00d6\u011fretimi\u2019 projesi sona erdi"},"content":{"rendered":"<p>Afyonkarahisar \u0130l Milli E\u011fitim M\u00fcd\u00fcr\u00fc Mira\u00e7 S\u00fcnnetci, \u2018Daha S\u00fcrd\u00fcr\u00fclebilir Bir Gelecek \u0130\u00e7in K\u00fcresel Sorun Odakl\u0131 STEAM \u00d6\u011fretimi\u2019 projesinin kapan\u0131\u015f toplant\u0131s\u0131nda yapt\u0131\u011f\u0131 konu\u015fmada, k\u00fcresel sorunlara duyarl\u0131 ve disiplinler aras\u0131 \u00e7al\u0131\u015fmalar\u0131n \u00f6\u011frencilerin akademik ve sosyal geli\u015fimine \u00f6nemli katk\u0131lar sundu\u011funu ifade etti.<br \/>\n<br \/>Afyon Kocatepe \u00dcniversitesi ile \u0130l Milli E\u011fitim M\u00fcd\u00fcrl\u00fc\u011f\u00fc i\u015f birli\u011finde, T\u00dcB\u0130TAK-NARD (Moldova) Uluslararas\u0131 \u0130kili \u0130\u015f Birli\u011fi Program\u0131 kapsam\u0131nda y\u00fcr\u00fct\u00fclen \u2018Daha S\u00fcrd\u00fcr\u00fclebilir Bir Gelecek \u0130\u00e7in K\u00fcresel Sorun Odakl\u0131 STEAM \u00d6\u011fretimi\u2019 projesinin kapan\u0131\u015f program\u0131 ger\u00e7ekle\u015ftirildi.<br \/>\n<br \/>Program \u00e7er\u00e7evesinde proje s\u00fcrecinde ger\u00e7ekle\u015ftirilen uygulamalara ili\u015fkin video g\u00f6sterimi izlenirken, projeye katk\u0131 sunan payda\u015flara plaket takdim edildi. Kapan\u0131\u015f program\u0131nda konu\u015fan S\u00fcnnetci, \u00fcniversite, okul i\u015f birliklerinin \u00f6nemine dikkat \u00e7ekerek, k\u00fcresel sorunlara duyarl\u0131 ve disiplinler aras\u0131 \u00e7al\u0131\u015fmalar\u0131n \u00f6\u011frencilerimizin akademik ve sosyal geli\u015fimine \u00f6nemli katk\u0131lar sundu\u011funu ifade etti. Konu\u015fmas\u0131nda T\u00dcB\u0130TAK projelerine y\u00f6nelik il genelinde y\u00fcr\u00fct\u00fclen \u00e7al\u0131\u015fmalar\u0131n somut sonu\u00e7lar verdi\u011fini vurgulayan S\u00fcnnetci &#8220;Bu y\u0131l T\u00dcB\u0130TAK projelerindeki ba\u015fvuru say\u0131m\u0131z\u0131 y\u00fczde 250 oran\u0131nda art\u0131rm\u0131\u015f bulunuyoruz. B\u00f6lgemizde ilimiz ilk s\u0131rada yer almaktad\u0131r. Elde edilen bu ba\u015far\u0131 y\u0131l i\u00e7erisinde \u00f6\u011fretmen ve \u00f6\u011frencilerimize y\u00f6nelik ger\u00e7ekle\u015ftirdi\u011fimiz saha \u00e7al\u0131\u015fmalar\u0131, e\u011fitimler ve rehberlik faaliyetlerinin bir sonucu olarak kar\u015f\u0131m\u0131za \u00e7\u0131kmaktad\u0131r. Bu s\u00fcre\u00e7te \u00fcniversitemize ve \u0130l Milli E\u011fitim M\u00fcd\u00fcrl\u00fc\u011f\u00fcm\u00fcz AR-GE birimimize, s\u00f6z konusu \u00e7al\u0131\u015fmalar\u0131n y\u00fcr\u00fct\u00fclmesindeki katk\u0131lar\u0131ndan dolay\u0131 te\u015fekk\u00fcr ediyorum&#8221; dedi.<br \/>\n<br \/>Program \u00f6\u011frencilerle \u00e7ekilen hat\u0131ra foto\u011fraf\u0131n\u0131n ard\u0131ndan sona erdi.<br \/><\/p>\n","protected":false},"excerpt":{"rendered":"<p>Afyonkarahisar \u0130l Milli E\u011fitim M\u00fcd\u00fcr\u00fc Mira\u00e7 S\u00fcnnetci, \u2018Daha S\u00fcrd\u00fcr\u00fclebilir Bir Gelecek \u0130\u00e7in K\u00fcresel Sorun Odakl\u0131 STEAM \u00d6\u011fretimi\u2019 projesinin kapan\u0131\u015f toplant\u0131s\u0131nda yapt\u0131\u011f\u0131 konu\u015fmada, k\u00fcresel sorunlara duyarl\u0131 ve disiplinler aras\u0131 \u00e7al\u0131\u015fmalar\u0131n \u00f6\u011frencilerin akademik ve sosyal geli\u015fimine \u00f6nemli katk\u0131lar sundu\u011funu ifade etti. Afyon Kocatepe \u00dcniversitesi ile \u0130l Milli E\u011fitim M\u00fcd\u00fcrl\u00fc\u011f\u00fc i\u015f birli\u011finde, T\u00dcB\u0130TAK-NARD (Moldova) Uluslararas\u0131 \u0130kili \u0130\u015f Birli\u011fi&#8230;<\/p>\n","protected":false},"author":1,"featured_media":80883,"comment_status":"open","ping_status":"open","sticky":false,"template":"","format":"standard","meta":{"_crdt_document":"","footnotes":""},"categories":[1],"tags":[],"class_list":["post-80882","post","type-post","status-publish","format-standard","has-post-thumbnail","hentry","category-guncel"],"_links":{"self":[{"href":"https:\/\/www.egemtv.com\/index.php?rest_route=\/wp\/v2\/posts\/80882","targetHints":{"allow":["GET"]}}],"collection":[{"href":"https:\/\/www.egemtv.com\/index.php?rest_route=\/wp\/v2\/posts"}],"about":[{"href":"https:\/\/www.egemtv.com\/index.php?rest_route=\/wp\/v2\/types\/post"}],"author":[{"embeddable":true,"href":"https:\/\/www.egemtv.com\/index.php?rest_route=\/wp\/v2\/users\/1"}],"replies":[{"embeddable":true,"href":"https:\/\/www.egemtv.com\/index.php?rest_route=%2Fwp%2Fv2%2Fcomments&post=80882"}],"version-history":[{"count":1,"href":"https:\/\/www.egemtv.com\/index.php?rest_route=\/wp\/v2\/posts\/80882\/revisions"}],"predecessor-version":[{"id":80884,"href":"https:\/\/www.egemtv.com\/index.php?rest_route=\/wp\/v2\/posts\/80882\/revisions\/80884"}],"wp:featuredmedia":[{"embeddable":true,"href":"https:\/\/www.egemtv.com\/index.php?rest_route=\/wp\/v2\/media\/80883"}],"wp:attachment":[{"href":"https:\/\/www.egemtv.com\/index.php?rest_route=%2Fwp%2Fv2%2Fmedia&parent=80882"}],"wp:term":[{"taxonomy":"category","embeddable":true,"href":"https:\/\/www.egemtv.com\/index.php?rest_route=%2Fwp%2Fv2%2Fcategories&post=80882"},{"taxonomy":"post_tag","embeddable":true,"href":"https:\/\/www.egemtv.com\/index.php?rest_route=%2Fwp%2Fv2%2Ftags&post=80882"}],"curies":[{"name":"wp","href":"https:\/\/api.w.org\/{rel}","templated":true}]}}