{"id":80879,"date":"2026-01-15T11:34:50","date_gmt":"2026-01-15T08:34:50","guid":{"rendered":"https:\/\/www.egemtv.com\/?p=80879"},"modified":"2026-01-15T11:34:51","modified_gmt":"2026-01-15T08:34:51","slug":"afyonkarahisardaki-meralar-teknik-yonden-incelendi","status":"publish","type":"post","link":"https:\/\/www.egemtv.com\/?p=80879","title":{"rendered":"Afyonkarahisar\u2019daki meralar teknik y\u00f6nden incelendi"},"content":{"rendered":"<p>Afyonkarahisar\u2019da besicilikte \u00f6nemli bir yere sahip olan meralarla ilgili teknik inceleme yap\u0131ld\u0131.<br \/>\n<br \/>\u00c7al\u0131\u015fma Afyonkarahisar Tar\u0131m ve Orman M\u00fcd\u00fcrl\u00fc\u011f\u00fc taraf\u0131ndan yap\u0131ld\u0131. \u0130ncelemenin besicilik alan\u0131nda \u00f6nemli oldu\u011funun vurguland\u0131\u011f\u0131 \u00e7al\u0131\u015fman\u0131n ard\u0131ndan kurumdan yap\u0131lan yaz\u0131l\u0131 a\u00e7\u0131klamada ise &#8220;Meralar\u0131m\u0131z\u0131 koruyor, gelece\u011fe ta\u015f\u0131yoruz. \u0130l M\u00fcd\u00fcrl\u00fc\u011f\u00fcm\u00fcz \u00c7ay\u0131r Mera ve Yem Bitkileri \u015eube M\u00fcd\u00fcrl\u00fc\u011f\u00fc teknik personel taraf\u0131ndan il genelinde meralar\u0131m\u0131z\u0131n genel durumlar\u0131 ve i\u015fgalli olan alanlar\u0131n tespitleri yap\u0131lmaktad\u0131r&#8221; ifadelerine yer verildi.<br \/><\/p>\n","protected":false},"excerpt":{"rendered":"<p>Afyonkarahisar\u2019da besicilikte \u00f6nemli bir yere sahip olan meralarla ilgili teknik inceleme yap\u0131ld\u0131. \u00c7al\u0131\u015fma Afyonkarahisar Tar\u0131m ve Orman M\u00fcd\u00fcrl\u00fc\u011f\u00fc taraf\u0131ndan yap\u0131ld\u0131. \u0130ncelemenin besicilik alan\u0131nda \u00f6nemli oldu\u011funun vurguland\u0131\u011f\u0131 \u00e7al\u0131\u015fman\u0131n ard\u0131ndan kurumdan yap\u0131lan yaz\u0131l\u0131 a\u00e7\u0131klamada ise &#8220;Meralar\u0131m\u0131z\u0131 koruyor, gelece\u011fe ta\u015f\u0131yoruz. \u0130l M\u00fcd\u00fcrl\u00fc\u011f\u00fcm\u00fcz \u00c7ay\u0131r Mera ve Yem Bitkileri \u015eube M\u00fcd\u00fcrl\u00fc\u011f\u00fc teknik personel taraf\u0131ndan il genelinde meralar\u0131m\u0131z\u0131n genel durumlar\u0131 ve&#8230;<\/p>\n","protected":false},"author":1,"featured_media":80880,"comment_status":"open","ping_status":"open","sticky":false,"template":"","format":"standard","meta":{"_crdt_document":"","footnotes":""},"categories":[1],"tags":[],"class_list":["post-80879","post","type-post","status-publish","format-standard","has-post-thumbnail","hentry","category-guncel"],"_links":{"self":[{"href":"https:\/\/www.egemtv.com\/index.php?rest_route=\/wp\/v2\/posts\/80879","targetHints":{"allow":["GET"]}}],"collection":[{"href":"https:\/\/www.egemtv.com\/index.php?rest_route=\/wp\/v2\/posts"}],"about":[{"href":"https:\/\/www.egemtv.com\/index.php?rest_route=\/wp\/v2\/types\/post"}],"author":[{"embeddable":true,"href":"https:\/\/www.egemtv.com\/index.php?rest_route=\/wp\/v2\/users\/1"}],"replies":[{"embeddable":true,"href":"https:\/\/www.egemtv.com\/index.php?rest_route=%2Fwp%2Fv2%2Fcomments&post=80879"}],"version-history":[{"count":1,"href":"https:\/\/www.egemtv.com\/index.php?rest_route=\/wp\/v2\/posts\/80879\/revisions"}],"predecessor-version":[{"id":80881,"href":"https:\/\/www.egemtv.com\/index.php?rest_route=\/wp\/v2\/posts\/80879\/revisions\/80881"}],"wp:featuredmedia":[{"embeddable":true,"href":"https:\/\/www.egemtv.com\/index.php?rest_route=\/wp\/v2\/media\/80880"}],"wp:attachment":[{"href":"https:\/\/www.egemtv.com\/index.php?rest_route=%2Fwp%2Fv2%2Fmedia&parent=80879"}],"wp:term":[{"taxonomy":"category","embeddable":true,"href":"https:\/\/www.egemtv.com\/index.php?rest_route=%2Fwp%2Fv2%2Fcategories&post=80879"},{"taxonomy":"post_tag","embeddable":true,"href":"https:\/\/www.egemtv.com\/index.php?rest_route=%2Fwp%2Fv2%2Ftags&post=80879"}],"curies":[{"name":"wp","href":"https:\/\/api.w.org\/{rel}","templated":true}]}}