{"id":80876,"date":"2026-01-15T11:14:50","date_gmt":"2026-01-15T08:14:50","guid":{"rendered":"https:\/\/www.egemtv.com\/?p=80876"},"modified":"2026-01-15T11:14:50","modified_gmt":"2026-01-15T08:14:50","slug":"kapali-otoparkta-duran-otomobile-alevler-sarsi","status":"publish","type":"post","link":"https:\/\/www.egemtv.com\/?p=80876","title":{"rendered":"Kapal\u0131 otoparkta duran otomobile alevler sars\u0131"},"content":{"rendered":"<p>Denizli\u2019nin Pamukkale il\u00e7esinde kapal\u0131 bir otoparkta park halindeki otomobilde \u00e7\u0131kan yang\u0131n pani\u011fe neden oldu.<br \/>\n<br \/>Yang\u0131n, Denizli\u2019nin Pamukkale il\u00e7esi Kay\u0131han Mahallesinde meydana geldi. Edinilen bilgilere g\u00f6re, Denizli\u2019de bir binan\u0131n kapal\u0131 otopark\u0131nda bulunan otomobilde hen\u00fcz bilinmeyen bir nedenle yang\u0131n \u00e7\u0131kt\u0131. K\u0131sa s\u00fcrede b\u00fcy\u00fcyen alevler arac\u0131 tamamen sard\u0131. Durumu fark eden vatanda\u015flar\u0131n ihbar\u0131 \u00fczerine olay yerine itfaiye ekipleri sevk edildi. \u0130tfaiyenin h\u0131zl\u0131 ve etkili m\u00fcdahalesiyle yang\u0131n, di\u011fer ara\u00e7lara ve binaya s\u0131\u00e7ramadan kontrol alt\u0131na al\u0131narak s\u00f6nd\u00fcr\u00fcld\u00fc. Yang\u0131nda otomobil tamamen kullan\u0131lamaz hale gelirken, olayda can kayb\u0131 ya da yaralanma ya\u015fanmad\u0131.<br \/>\n<br \/>Yang\u0131n\u0131n \u00e7\u0131k\u0131\u015f nedeninin belirlenmesi i\u00e7in inceleme ba\u015flat\u0131ld\u0131.<br \/><\/p>\n","protected":false},"excerpt":{"rendered":"<p>Denizli\u2019nin Pamukkale il\u00e7esinde kapal\u0131 bir otoparkta park halindeki otomobilde \u00e7\u0131kan yang\u0131n pani\u011fe neden oldu. Yang\u0131n, Denizli\u2019nin Pamukkale il\u00e7esi Kay\u0131han Mahallesinde meydana geldi. Edinilen bilgilere g\u00f6re, Denizli\u2019de bir binan\u0131n kapal\u0131 otopark\u0131nda bulunan otomobilde hen\u00fcz bilinmeyen bir nedenle yang\u0131n \u00e7\u0131kt\u0131. K\u0131sa s\u00fcrede b\u00fcy\u00fcyen alevler arac\u0131 tamamen sard\u0131. Durumu fark eden vatanda\u015flar\u0131n ihbar\u0131 \u00fczerine olay yerine itfaiye ekipleri&#8230;<\/p>\n","protected":false},"author":1,"featured_media":80877,"comment_status":"open","ping_status":"open","sticky":false,"template":"","format":"standard","meta":{"_crdt_document":"","footnotes":""},"categories":[5],"tags":[],"class_list":["post-80876","post","type-post","status-publish","format-standard","has-post-thumbnail","hentry","category-asayis"],"_links":{"self":[{"href":"https:\/\/www.egemtv.com\/index.php?rest_route=\/wp\/v2\/posts\/80876","targetHints":{"allow":["GET"]}}],"collection":[{"href":"https:\/\/www.egemtv.com\/index.php?rest_route=\/wp\/v2\/posts"}],"about":[{"href":"https:\/\/www.egemtv.com\/index.php?rest_route=\/wp\/v2\/types\/post"}],"author":[{"embeddable":true,"href":"https:\/\/www.egemtv.com\/index.php?rest_route=\/wp\/v2\/users\/1"}],"replies":[{"embeddable":true,"href":"https:\/\/www.egemtv.com\/index.php?rest_route=%2Fwp%2Fv2%2Fcomments&post=80876"}],"version-history":[{"count":1,"href":"https:\/\/www.egemtv.com\/index.php?rest_route=\/wp\/v2\/posts\/80876\/revisions"}],"predecessor-version":[{"id":80878,"href":"https:\/\/www.egemtv.com\/index.php?rest_route=\/wp\/v2\/posts\/80876\/revisions\/80878"}],"wp:featuredmedia":[{"embeddable":true,"href":"https:\/\/www.egemtv.com\/index.php?rest_route=\/wp\/v2\/media\/80877"}],"wp:attachment":[{"href":"https:\/\/www.egemtv.com\/index.php?rest_route=%2Fwp%2Fv2%2Fmedia&parent=80876"}],"wp:term":[{"taxonomy":"category","embeddable":true,"href":"https:\/\/www.egemtv.com\/index.php?rest_route=%2Fwp%2Fv2%2Fcategories&post=80876"},{"taxonomy":"post_tag","embeddable":true,"href":"https:\/\/www.egemtv.com\/index.php?rest_route=%2Fwp%2Fv2%2Ftags&post=80876"}],"curies":[{"name":"wp","href":"https:\/\/api.w.org\/{rel}","templated":true}]}}